{"id":53127,"date":"2020-03-21T18:43:26","date_gmt":"2020-03-21T21:43:26","guid":{"rendered":"http:\/\/blogdoedvaldomagalhaes.com.br\/?p=53127"},"modified":"2020-03-21T21:01:24","modified_gmt":"2020-03-22T00:01:24","slug":"pernambuco-tem-mais-duas-curas-clinicas-do-novo-coronavirus","status":"publish","type":"post","link":"https:\/\/blogdoedvaldomagalhaes.com.br\/index.php\/2020\/03\/21\/pernambuco-tem-mais-duas-curas-clinicas-do-novo-coronavirus\/","title":{"rendered":"Pernambuco tem mais duas curas cl\u00ednicas do novo coronav\u00edrus"},"content":{"rendered":"<p style=\"text-align: justify;\">O governo de Pernambuco anunciou neste s\u00e1bado (21), que o Estado teve mais dois pacientes curados do coronavirus, sendo uma adolescente de 16 anos, diagnosticada com a doen\u00e7a ap\u00f3s retornar de uma viagem aos Estados Unidos, e uma mulher de 30 anos, sem hist\u00f3rico de viagem para fora do Brasil. As duas estavam em isolamento domiciliar.<\/p>\n<p style=\"text-align: justify;\">A Secretaria Estadual de Sa\u00fade informou ainda que existem atualmente 33 casos confirmados de pessoas com o coronav\u00edrus em Pernambuco. Dois novos registros nas \u00faltimas 24 horas, e at\u00e9 o momento, nenhum \u00f3bito confirmado.<\/p>\n<p style=\"text-align: justify;\">Nessa sexta-feira (20), a secretaria j\u00e1 havia anunciado a recupera\u00e7\u00e3o de uma senhora de 66 anos, residente no Recife, que, ao lado do marido, configurou os dois primeiros casos da doen\u00e7a no territ\u00f3rio pernambucano. Das 33 confirma\u00e7\u00f5es, apenas 5 pacientes est\u00e3o hospitalizados. Os outros cumprem isolamento domiciliar (25), ou j\u00e1 est\u00e3o curados (3).<\/p>\n","protected":false},"excerpt":{"rendered":"<p>O governo de Pernambuco anunciou neste s\u00e1bado (21), que o Estado teve mais dois pacientes curados do coronavirus, sendo uma&hellip;<\/p>\n","protected":false},"author":1,"featured_media":53130,"comment_status":"open","ping_status":"open","sticky":false,"template":"","format":"standard","meta":{"footnotes":""},"categories":[14120],"tags":[2,16881,17593],"class_list":["post-53127","post","type-post","status-publish","format-standard","has-post-thumbnail","hentry","category-noticias","tag-blog-do-edvaldo-magalhaes","tag-caruaru-e-regiao","tag-pernambuco-tem-mais-duas-curas-clinicas-do-novo-coronavirus"],"_links":{"self":[{"href":"https:\/\/blogdoedvaldomagalhaes.com.br\/index.php\/wp-json\/wp\/v2\/posts\/53127","targetHints":{"allow":["GET"]}}],"collection":[{"href":"https:\/\/blogdoedvaldomagalhaes.com.br\/index.php\/wp-json\/wp\/v2\/posts"}],"about":[{"href":"https:\/\/blogdoedvaldomagalhaes.com.br\/index.php\/wp-json\/wp\/v2\/types\/post"}],"author":[{"embeddable":true,"href":"https:\/\/blogdoedvaldomagalhaes.com.br\/index.php\/wp-json\/wp\/v2\/users\/1"}],"replies":[{"embeddable":true,"href":"https:\/\/blogdoedvaldomagalhaes.com.br\/index.php\/wp-json\/wp\/v2\/comments?post=53127"}],"version-history":[{"count":3,"href":"https:\/\/blogdoedvaldomagalhaes.com.br\/index.php\/wp-json\/wp\/v2\/posts\/53127\/revisions"}],"predecessor-version":[{"id":53131,"href":"https:\/\/blogdoedvaldomagalhaes.com.br\/index.php\/wp-json\/wp\/v2\/posts\/53127\/revisions\/53131"}],"wp:featuredmedia":[{"embeddable":true,"href":"https:\/\/blogdoedvaldomagalhaes.com.br\/index.php\/wp-json\/wp\/v2\/media\/53130"}],"wp:attachment":[{"href":"https:\/\/blogdoedvaldomagalhaes.com.br\/index.php\/wp-json\/wp\/v2\/media?parent=53127"}],"wp:term":[{"taxonomy":"category","embeddable":true,"href":"https:\/\/blogdoedvaldomagalhaes.com.br\/index.php\/wp-json\/wp\/v2\/categories?post=53127"},{"taxonomy":"post_tag","embeddable":true,"href":"https:\/\/blogdoedvaldomagalhaes.com.br\/index.php\/wp-json\/wp\/v2\/tags?post=53127"}],"curies":[{"name":"wp","href":"https:\/\/api.w.org\/{rel}","templated":true}]}}