{"id":53121,"date":"2020-03-21T12:29:49","date_gmt":"2020-03-21T15:29:49","guid":{"rendered":"http:\/\/blogdoedvaldomagalhaes.com.br\/?p=53121"},"modified":"2020-03-21T14:36:54","modified_gmt":"2020-03-21T17:36:54","slug":"unimed-caruaru-esta-com-um-paciente-suspeito-para-o-coronavirus-internado-em-investigacao","status":"publish","type":"post","link":"https:\/\/blogdoedvaldomagalhaes.com.br\/index.php\/2020\/03\/21\/unimed-caruaru-esta-com-um-paciente-suspeito-para-o-coronavirus-internado-em-investigacao\/","title":{"rendered":"Unimed Caruaru est\u00e1 com um paciente suspeito para o coronavirus internado em investiga\u00e7\u00e3o"},"content":{"rendered":"<p style=\"text-align: justify;\"><span style=\"font-size: inherit;\">Nota de Esclarecimento<\/span><\/p>\n<p style=\"text-align: justify;\">Caruaru, 21 de mar\u00e7o de 2020 \u2013 O Hospital Unimed Caruaru (HUC) esclarece que o caso notificado de coronav\u00edrus divulgado em boletim para a imprensa nesta sexta-feira (20) se configura como paciente suspeito para o COVID-19, ou seja, que est\u00e1 sob investiga\u00e7\u00e3o e continua internado na nossa institui\u00e7\u00e3o. Esse paciente \u00e9 de Caruaru.<\/p>\n<p style=\"text-align: justify;\">Esclarecemos que, at\u00e9 o momento, o \u00fanico caso confirmado para coronav\u00edrus no Hospital Unimed Caruaru foi o do paciente de Belo Jardim que deu entrada no HUC no dia 13.03.20 e permaneceu em observa\u00e7\u00e3o at\u00e9 o dia 14.03.2020, tendo sido liberado para isolamento domiciliar pelo fato da condi\u00e7\u00e3o cl\u00ednica n\u00e3o demandar interna\u00e7\u00e3o.<\/p>\n\n\n<figure class=\"wp-block-image size-large\"><img loading=\"lazy\" decoding=\"async\" width=\"1024\" height=\"1024\" src=\"http:\/\/blogdoedvaldomagalhaes.com.br\/wp-content\/uploads\/2020\/03\/IMG-20200321-WA0139-1024x1024.jpg\" alt=\"\" class=\"wp-image-53125\" srcset=\"https:\/\/blogdoedvaldomagalhaes.com.br\/wp-content\/uploads\/2020\/03\/IMG-20200321-WA0139-1024x1024.jpg 1024w, https:\/\/blogdoedvaldomagalhaes.com.br\/wp-content\/uploads\/2020\/03\/IMG-20200321-WA0139-300x300.jpg 300w, https:\/\/blogdoedvaldomagalhaes.com.br\/wp-content\/uploads\/2020\/03\/IMG-20200321-WA0139-150x150.jpg 150w, https:\/\/blogdoedvaldomagalhaes.com.br\/wp-content\/uploads\/2020\/03\/IMG-20200321-WA0139-768x768.jpg 768w, https:\/\/blogdoedvaldomagalhaes.com.br\/wp-content\/uploads\/2020\/03\/IMG-20200321-WA0139.jpg 1280w\" sizes=\"auto, (max-width: 1024px) 100vw, 1024px\" \/><\/figure>\n","protected":false},"excerpt":{"rendered":"<p>Nota de Esclarecimento Caruaru, 21 de mar\u00e7o de 2020 \u2013 O Hospital Unimed Caruaru (HUC) esclarece que o caso notificado&hellip;<\/p>\n","protected":false},"author":1,"featured_media":53122,"comment_status":"open","ping_status":"open","sticky":false,"template":"","format":"standard","meta":{"footnotes":""},"categories":[14120],"tags":[16881,17592],"class_list":["post-53121","post","type-post","status-publish","format-standard","has-post-thumbnail","hentry","category-noticias","tag-caruaru-e-regiao","tag-unimed-caruaru-esta-com-um-paciente-suspeito-para-o-coronavirus-internado-em-investigacao"],"_links":{"self":[{"href":"https:\/\/blogdoedvaldomagalhaes.com.br\/index.php\/wp-json\/wp\/v2\/posts\/53121","targetHints":{"allow":["GET"]}}],"collection":[{"href":"https:\/\/blogdoedvaldomagalhaes.com.br\/index.php\/wp-json\/wp\/v2\/posts"}],"about":[{"href":"https:\/\/blogdoedvaldomagalhaes.com.br\/index.php\/wp-json\/wp\/v2\/types\/post"}],"author":[{"embeddable":true,"href":"https:\/\/blogdoedvaldomagalhaes.com.br\/index.php\/wp-json\/wp\/v2\/users\/1"}],"replies":[{"embeddable":true,"href":"https:\/\/blogdoedvaldomagalhaes.com.br\/index.php\/wp-json\/wp\/v2\/comments?post=53121"}],"version-history":[{"count":3,"href":"https:\/\/blogdoedvaldomagalhaes.com.br\/index.php\/wp-json\/wp\/v2\/posts\/53121\/revisions"}],"predecessor-version":[{"id":53126,"href":"https:\/\/blogdoedvaldomagalhaes.com.br\/index.php\/wp-json\/wp\/v2\/posts\/53121\/revisions\/53126"}],"wp:featuredmedia":[{"embeddable":true,"href":"https:\/\/blogdoedvaldomagalhaes.com.br\/index.php\/wp-json\/wp\/v2\/media\/53122"}],"wp:attachment":[{"href":"https:\/\/blogdoedvaldomagalhaes.com.br\/index.php\/wp-json\/wp\/v2\/media?parent=53121"}],"wp:term":[{"taxonomy":"category","embeddable":true,"href":"https:\/\/blogdoedvaldomagalhaes.com.br\/index.php\/wp-json\/wp\/v2\/categories?post=53121"},{"taxonomy":"post_tag","embeddable":true,"href":"https:\/\/blogdoedvaldomagalhaes.com.br\/index.php\/wp-json\/wp\/v2\/tags?post=53121"}],"curies":[{"name":"wp","href":"https:\/\/api.w.org\/{rel}","templated":true}]}}