{"id":53114,"date":"2020-03-21T10:15:31","date_gmt":"2020-03-21T13:15:31","guid":{"rendered":"http:\/\/blogdoedvaldomagalhaes.com.br\/?p=53114"},"modified":"2020-03-21T11:06:16","modified_gmt":"2020-03-21T14:06:16","slug":"idoso-e-baleado-na-feira-do-troca-em-caruaru","status":"publish","type":"post","link":"https:\/\/blogdoedvaldomagalhaes.com.br\/index.php\/2020\/03\/21\/idoso-e-baleado-na-feira-do-troca-em-caruaru\/","title":{"rendered":"Idoso \u00e9 baleado na Feira do Troca em Caruaru"},"content":{"rendered":"<p style=\"text-align: justify;\">Um idoso foi baleado na manh\u00e3 deste s\u00e1bado (21), na Feira do Troca, no Parque 18 de Maio, em Caruaru, Agreste de Pernambuco. O pedreiro Jos\u00e9 Manoel de Oliveira, de 66 anos de idade, foi atingido com um tiro em uma das pernas.<\/p>\n<p style=\"text-align: justify;\">De acordo com informa\u00e7\u00f5es de populares, houve uma tentativa de assalto e uma pessoa teria atirado contra o assaltante, mas terminou atingido o idoso. Ele foi socorrido pela Samu para o Hospital Regional do Agreste (HRA), foi medicado e j\u00e1 recebeu alta.<\/p>\n<p>Por Helenivaldo Pereira.<\/p>\n\n\n<figure class=\"wp-block-image size-large\"><img loading=\"lazy\" decoding=\"async\" width=\"512\" height=\"1024\" src=\"http:\/\/blogdoedvaldomagalhaes.com.br\/wp-content\/uploads\/2020\/03\/Screenshot_20200321-102634-512x1024.png\" alt=\"\" class=\"wp-image-53117\" srcset=\"https:\/\/blogdoedvaldomagalhaes.com.br\/wp-content\/uploads\/2020\/03\/Screenshot_20200321-102634-512x1024.png 512w, https:\/\/blogdoedvaldomagalhaes.com.br\/wp-content\/uploads\/2020\/03\/Screenshot_20200321-102634-150x300.png 150w, https:\/\/blogdoedvaldomagalhaes.com.br\/wp-content\/uploads\/2020\/03\/Screenshot_20200321-102634-768x1536.png 768w, https:\/\/blogdoedvaldomagalhaes.com.br\/wp-content\/uploads\/2020\/03\/Screenshot_20200321-102634-1024x2048.png 1024w, https:\/\/blogdoedvaldomagalhaes.com.br\/wp-content\/uploads\/2020\/03\/Screenshot_20200321-102634.png 1080w\" sizes=\"auto, (max-width: 512px) 100vw, 512px\" \/><\/figure>\n","protected":false},"excerpt":{"rendered":"<p>Um idoso foi baleado na manh\u00e3 deste s\u00e1bado (21), na Feira do Troca, no Parque 18 de Maio, em Caruaru,&hellip;<\/p>\n","protected":false},"author":1,"featured_media":53115,"comment_status":"open","ping_status":"open","sticky":false,"template":"","format":"standard","meta":{"footnotes":""},"categories":[14121],"tags":[2,16881,17591],"class_list":["post-53114","post","type-post","status-publish","format-standard","has-post-thumbnail","hentry","category-policial","tag-blog-do-edvaldo-magalhaes","tag-caruaru-e-regiao","tag-idoso-e-baleado-na-feira-do-troca-em-caruaru"],"_links":{"self":[{"href":"https:\/\/blogdoedvaldomagalhaes.com.br\/index.php\/wp-json\/wp\/v2\/posts\/53114","targetHints":{"allow":["GET"]}}],"collection":[{"href":"https:\/\/blogdoedvaldomagalhaes.com.br\/index.php\/wp-json\/wp\/v2\/posts"}],"about":[{"href":"https:\/\/blogdoedvaldomagalhaes.com.br\/index.php\/wp-json\/wp\/v2\/types\/post"}],"author":[{"embeddable":true,"href":"https:\/\/blogdoedvaldomagalhaes.com.br\/index.php\/wp-json\/wp\/v2\/users\/1"}],"replies":[{"embeddable":true,"href":"https:\/\/blogdoedvaldomagalhaes.com.br\/index.php\/wp-json\/wp\/v2\/comments?post=53114"}],"version-history":[{"count":3,"href":"https:\/\/blogdoedvaldomagalhaes.com.br\/index.php\/wp-json\/wp\/v2\/posts\/53114\/revisions"}],"predecessor-version":[{"id":53120,"href":"https:\/\/blogdoedvaldomagalhaes.com.br\/index.php\/wp-json\/wp\/v2\/posts\/53114\/revisions\/53120"}],"wp:featuredmedia":[{"embeddable":true,"href":"https:\/\/blogdoedvaldomagalhaes.com.br\/index.php\/wp-json\/wp\/v2\/media\/53115"}],"wp:attachment":[{"href":"https:\/\/blogdoedvaldomagalhaes.com.br\/index.php\/wp-json\/wp\/v2\/media?parent=53114"}],"wp:term":[{"taxonomy":"category","embeddable":true,"href":"https:\/\/blogdoedvaldomagalhaes.com.br\/index.php\/wp-json\/wp\/v2\/categories?post=53114"},{"taxonomy":"post_tag","embeddable":true,"href":"https:\/\/blogdoedvaldomagalhaes.com.br\/index.php\/wp-json\/wp\/v2\/tags?post=53114"}],"curies":[{"name":"wp","href":"https:\/\/api.w.org\/{rel}","templated":true}]}}