{"id":53111,"date":"2020-03-20T23:42:37","date_gmt":"2020-03-21T02:42:37","guid":{"rendered":"http:\/\/blogdoedvaldomagalhaes.com.br\/?p=53111"},"modified":"2020-03-20T23:57:37","modified_gmt":"2020-03-21T02:57:37","slug":"veja-o-que-sera-proibido-em-caruaru-a-partir-de-domingo-22-devido-o-coronavirus","status":"publish","type":"post","link":"https:\/\/blogdoedvaldomagalhaes.com.br\/index.php\/2020\/03\/20\/veja-o-que-sera-proibido-em-caruaru-a-partir-de-domingo-22-devido-o-coronavirus\/","title":{"rendered":"Veja o que ser\u00e1 proibido em Caruaru a partir de domingo (22) devido o Coronav\u00edrus"},"content":{"rendered":"<p style=\"text-align: justify;\"><span style=\"font-size: inherit;\">Prefeitura de Caruaru apresenta medidas ainda mais restritivas no combate ao Covid-19 na cidade.<\/span><\/p>\n<p style=\"text-align: justify;\">_Barreiras sanit\u00e1rias e cancelamento de cirurgias eletivas s\u00e3o alguns dos pontos inclu\u00eddos_<\/p>\n<p style=\"text-align: justify;\">A Prefeitura de Caruaru publicou uma nova Portaria, nesta sexta-feira (20), refor\u00e7ando as medidas do Decreto que prev\u00ea as a\u00e7\u00f5es de controle e combate ao Covid-19. As medidas foram definidas pelo Grupo Integrado de Atendimento de Emerg\u00eancias Relacionadas a Desastres Naturais e Correlatos do Munic\u00edpio de Caruaru. At\u00e9 o momento, nenhum caso foi confirmado na cidade.<\/p>\n<p style=\"text-align: justify;\">Na lista de suspens\u00f5es, seis itens refor\u00e7am as medidas, come\u00e7ando pelo cancelamento de todas as licita\u00e7\u00f5es municipais que precisem da presen\u00e7a dos interessados. O atendimento ao p\u00fablico a todos os \u00f3rg\u00e3os da prefeitura tamb\u00e9m integra a lista, com exce\u00e7\u00e3o dos servi\u00e7os essenciais de sa\u00fade, assist\u00eancia social e Ceaca. Os prazos processuais administrativos ficar\u00e3o suspensos.<\/p>\n<p style=\"text-align: justify;\">Outras \u00e1reas de lazer foram inclu\u00eddas entre as suspens\u00f5es. Clubes sociais, clubes de servi\u00e7o, piscina-bar e correlatos n\u00e3o podem ser usados pelo p\u00fablico.<\/p>\n<p style=\"text-align: justify;\">Outra a\u00e7\u00e3o que ser\u00e1 adotada, a partir do pr\u00f3ximo domingo (22), ser\u00e1 voltada para o com\u00e9rcio. Estar\u00e3o suspensos os funcionamentos de todos os estabelecimentos comerciais e de servi\u00e7os, exceto as ag\u00eancias banc\u00e1rias, supermercados, padarias, mercadinhos, farm\u00e1cias, estabelecimentos de comercializa\u00e7\u00e3o de insumos m\u00e9dico-hospitalares, postos de gasolina, casas de ra\u00e7\u00e3o animal, dep\u00f3sitos de g\u00e1s butano e de \u00e1gua mineral.<\/p>\n<p style=\"text-align: justify;\">Ser\u00e3o suspensas todas as obras, p\u00fablicas ou particulares, desde que n\u00e3o sejam essenciais para a popula\u00e7\u00e3o durante o per\u00edodo de combate ao novo coronav\u00edrus.<\/p>\n<p style=\"text-align: justify;\">Na \u00e1rea da sa\u00fade, os atendimentos ambulatoriais e cirurgias eletivas em toda rede p\u00fablica e particular de Caruaru n\u00e3o v\u00e3o funcionar. \u201cVamos focar no combate ao Covid-19. Precisaremos estar com os hospitais preparados para receber as pessoas contaminadas, por isso a suspens\u00e3o das cirurgias que podem ser feitas depois\u201d, esclareceu o Secret\u00e1rio de Sa\u00fade do Munic\u00edpio, Francisco Santos.<\/p>\n<p style=\"text-align: justify;\">Um outro item que merece destaque refere-se \u00e0s feiras da cidade. O com\u00e9rcio livre permanecer\u00e1 em funcionamento, exclusivamente para a comercializa\u00e7\u00e3o de g\u00eaneros aliment\u00edcios. \u201cOs comerciantes dever\u00e3o ter os seus bancos de feira distribu\u00eddos a uma dist\u00e2ncia m\u00ednima de dois metros um do outro\u201d, explicou o secret\u00e1rio. Em rela\u00e7\u00e3o ao p\u00fablico, Francisco Santos \u00e9 enf\u00e1tico: \u201cpessoas idosas ou que se enquadrem no grupo de risco devem ficar em casa\u201d.<\/p>\n<p style=\"text-align: justify;\">A Portaria refor\u00e7a que qualquer outro tipo de contato e aglomera\u00e7\u00e3o dentro e nos ambientes pr\u00f3ximos as feiras dever\u00e1 ser evitado, e, caso necess\u00e1rio, coibido pelos \u00f3rg\u00e3os respons\u00e1veis.<\/p>\n<p style=\"text-align: justify;\">Em rela\u00e7\u00e3o \u00e0s ag\u00eancias banc\u00e1rias, ficou determinado que cada banco deve estabelecer hor\u00e1rio de atendimento espec\u00edfico para idosos, pensionistas e para pessoas n\u00e3o alfabetizadas (comprovadas atrav\u00e9s de RG), das 8h \u00e0s 11h, a partir da pr\u00f3xima segunda-feira(23). Os servi\u00e7os mantidos para os demais clientes, como saques, dep\u00f3sitos e pagamentos, ser\u00e3o liberados das 11h \u00e0s 14h, observando a capacidade m\u00e1xima de 50 pessoas no espa\u00e7o.<\/p>\n<p style=\"text-align: justify;\">Tamb\u00e9m para a pr\u00f3xima segunda-feira, ser\u00e3o criadas barreiras sanit\u00e1rias, fixas e m\u00f3veis, nos acessos \u00e0 cidade, nas rodovias federais, estaduais ou estradas vicinais. O controle tem o objetivo de limitar a circula\u00e7\u00e3o de pessoas na cidade, sendo permitida apenas o tr\u00e1fego de pessoas ligadas aos servi\u00e7os essenciais, como ve\u00edculos de transporte de g\u00eaneros aliment\u00edcios, medicamentos, material m\u00e9dico-hospitalar e transporte de valores.<\/p>\n","protected":false},"excerpt":{"rendered":"<p>Prefeitura de Caruaru apresenta medidas ainda mais restritivas no combate ao Covid-19 na cidade. _Barreiras sanit\u00e1rias e cancelamento de cirurgias&hellip;<\/p>\n","protected":false},"author":1,"featured_media":53112,"comment_status":"open","ping_status":"open","sticky":false,"template":"","format":"standard","meta":{"footnotes":""},"categories":[14120],"tags":[2,16881,17590],"class_list":["post-53111","post","type-post","status-publish","format-standard","has-post-thumbnail","hentry","category-noticias","tag-blog-do-edvaldo-magalhaes","tag-caruaru-e-regiao","tag-veja-o-que-sera-proibido-em-caruaru-a-partir-de-domingo-22-devido-o-coronavirus"],"_links":{"self":[{"href":"https:\/\/blogdoedvaldomagalhaes.com.br\/index.php\/wp-json\/wp\/v2\/posts\/53111","targetHints":{"allow":["GET"]}}],"collection":[{"href":"https:\/\/blogdoedvaldomagalhaes.com.br\/index.php\/wp-json\/wp\/v2\/posts"}],"about":[{"href":"https:\/\/blogdoedvaldomagalhaes.com.br\/index.php\/wp-json\/wp\/v2\/types\/post"}],"author":[{"embeddable":true,"href":"https:\/\/blogdoedvaldomagalhaes.com.br\/index.php\/wp-json\/wp\/v2\/users\/1"}],"replies":[{"embeddable":true,"href":"https:\/\/blogdoedvaldomagalhaes.com.br\/index.php\/wp-json\/wp\/v2\/comments?post=53111"}],"version-history":[{"count":1,"href":"https:\/\/blogdoedvaldomagalhaes.com.br\/index.php\/wp-json\/wp\/v2\/posts\/53111\/revisions"}],"predecessor-version":[{"id":53113,"href":"https:\/\/blogdoedvaldomagalhaes.com.br\/index.php\/wp-json\/wp\/v2\/posts\/53111\/revisions\/53113"}],"wp:featuredmedia":[{"embeddable":true,"href":"https:\/\/blogdoedvaldomagalhaes.com.br\/index.php\/wp-json\/wp\/v2\/media\/53112"}],"wp:attachment":[{"href":"https:\/\/blogdoedvaldomagalhaes.com.br\/index.php\/wp-json\/wp\/v2\/media?parent=53111"}],"wp:term":[{"taxonomy":"category","embeddable":true,"href":"https:\/\/blogdoedvaldomagalhaes.com.br\/index.php\/wp-json\/wp\/v2\/categories?post=53111"},{"taxonomy":"post_tag","embeddable":true,"href":"https:\/\/blogdoedvaldomagalhaes.com.br\/index.php\/wp-json\/wp\/v2\/tags?post=53111"}],"curies":[{"name":"wp","href":"https:\/\/api.w.org\/{rel}","templated":true}]}}