{"id":53101,"date":"2020-03-20T21:35:45","date_gmt":"2020-03-21T00:35:45","guid":{"rendered":"http:\/\/blogdoedvaldomagalhaes.com.br\/?p=53101"},"modified":"2020-03-23T14:19:04","modified_gmt":"2020-03-23T17:19:04","slug":"travesti-paloma-e-morto-a-tiros-no-centro-de-caruaru","status":"publish","type":"post","link":"https:\/\/blogdoedvaldomagalhaes.com.br\/index.php\/2020\/03\/20\/travesti-paloma-e-morto-a-tiros-no-centro-de-caruaru\/","title":{"rendered":"Travesti &#8220;Paloma&#8221; \u00e9 morta a tiros no centro de Caruaru"},"content":{"rendered":"<p style=\"text-align: justify;\">A travesti Paloma, de 22 anos de idade, que residia no bairro Santa Rosa, foi assassinada a tiros na noite desta sexta-feira (20), quando estava nas proximidades do Lact\u00e1rio Am\u00e9lia de Pontes, no centro de Caruaru. Segundo informa\u00e7\u00f5es da m\u00e3e da v\u00edtima, a travesti Paloma sofreu uma tentativa de homic\u00eddio h\u00e1 dois meses.<\/p>\n<p style=\"text-align: justify;\">A Pol\u00edcia Militar isolou o local e ap\u00f3s per\u00edcia, o corpo ser\u00e1 encaminhado para o Instituto de Medicina Legal (IML).<\/p>\n<p style=\"text-align: justify;\">Este \u00e9 o 7\u00ba homic\u00eddio do m\u00eas de mar\u00e7o em Caruaru. De janeiro at\u00e9 agora s\u00e3o 30 assassinatos no munic\u00edpio.<\/p>\n","protected":false},"excerpt":{"rendered":"<p>A travesti Paloma, de 22 anos de idade, que residia no bairro Santa Rosa, foi assassinada a tiros na noite&hellip;<\/p>\n","protected":false},"author":1,"featured_media":53102,"comment_status":"open","ping_status":"open","sticky":false,"template":"","format":"standard","meta":{"footnotes":""},"categories":[14121],"tags":[2,16881,17589],"class_list":["post-53101","post","type-post","status-publish","format-standard","has-post-thumbnail","hentry","category-policial","tag-blog-do-edvaldo-magalhaes","tag-caruaru-e-regiao","tag-travesti-paloma-e-morto-a-tiros-no-centro-de-caruaru"],"_links":{"self":[{"href":"https:\/\/blogdoedvaldomagalhaes.com.br\/index.php\/wp-json\/wp\/v2\/posts\/53101","targetHints":{"allow":["GET"]}}],"collection":[{"href":"https:\/\/blogdoedvaldomagalhaes.com.br\/index.php\/wp-json\/wp\/v2\/posts"}],"about":[{"href":"https:\/\/blogdoedvaldomagalhaes.com.br\/index.php\/wp-json\/wp\/v2\/types\/post"}],"author":[{"embeddable":true,"href":"https:\/\/blogdoedvaldomagalhaes.com.br\/index.php\/wp-json\/wp\/v2\/users\/1"}],"replies":[{"embeddable":true,"href":"https:\/\/blogdoedvaldomagalhaes.com.br\/index.php\/wp-json\/wp\/v2\/comments?post=53101"}],"version-history":[{"count":9,"href":"https:\/\/blogdoedvaldomagalhaes.com.br\/index.php\/wp-json\/wp\/v2\/posts\/53101\/revisions"}],"predecessor-version":[{"id":53180,"href":"https:\/\/blogdoedvaldomagalhaes.com.br\/index.php\/wp-json\/wp\/v2\/posts\/53101\/revisions\/53180"}],"wp:featuredmedia":[{"embeddable":true,"href":"https:\/\/blogdoedvaldomagalhaes.com.br\/index.php\/wp-json\/wp\/v2\/media\/53102"}],"wp:attachment":[{"href":"https:\/\/blogdoedvaldomagalhaes.com.br\/index.php\/wp-json\/wp\/v2\/media?parent=53101"}],"wp:term":[{"taxonomy":"category","embeddable":true,"href":"https:\/\/blogdoedvaldomagalhaes.com.br\/index.php\/wp-json\/wp\/v2\/categories?post=53101"},{"taxonomy":"post_tag","embeddable":true,"href":"https:\/\/blogdoedvaldomagalhaes.com.br\/index.php\/wp-json\/wp\/v2\/tags?post=53101"}],"curies":[{"name":"wp","href":"https:\/\/api.w.org\/{rel}","templated":true}]}}