{"id":53096,"date":"2020-03-20T20:51:31","date_gmt":"2020-03-20T23:51:31","guid":{"rendered":"http:\/\/blogdoedvaldomagalhaes.com.br\/?p=53096"},"modified":"2020-03-20T20:55:03","modified_gmt":"2020-03-20T23:55:03","slug":"comissao-da-camara-de-caruaru-se-reune-com-compesa-para-garantir-abastecimento-diante-do-coronavirus","status":"publish","type":"post","link":"https:\/\/blogdoedvaldomagalhaes.com.br\/index.php\/2020\/03\/20\/comissao-da-camara-de-caruaru-se-reune-com-compesa-para-garantir-abastecimento-diante-do-coronavirus\/","title":{"rendered":"Comiss\u00e3o da C\u00e2mara de Caruaru se re\u00fane com Compesa para garantir abastecimento diante do coronav\u00edrus"},"content":{"rendered":"<p style=\"text-align: justify;\"><span style=\"font-size: inherit;\">Na tarde desta sexta-feira (20), vereadores que representam a comiss\u00e3o tempor\u00e1ria especial criada para tratar de assuntos legislativos durante a pandemia de coronav\u00edrus, estiveram na sede da Compesa, para garantir o abastecimento de \u00e1gua para a popula\u00e7\u00e3o durante a crise.<\/span><\/p>\n<p style=\"text-align: justify;\">A comiss\u00e3o \u00e9 formada pelos vereadores Lula T\u00f4rres (PSDB) &#8211; presidente, Marcelo Gomes (PSB), Ricardo Liberato (PSDB), Daniel Finizola (PT) e Bruno Lambreta (PSDB) &#8211; os dois \u00faltimos, representando as bancadas de situa\u00e7\u00e3o e oposi\u00e7\u00e3o, estiveram reunidos com Jo\u00e3o Raphael, gerente regional da Compesa.<\/p>\n<p style=\"text-align: justify;\">\u201cNeste momento \u00e9 preciso que a popula\u00e7\u00e3o redobre os cuidados com a higiene pessoal, para evitar a prolifera\u00e7\u00e3o deste v\u00edrus t\u00e3o devastador, e nada mais justo que tentar garantir que a \u00e1gua chegue nas torneiras de todos, e este foi o nosso papel hoje nesta reuni\u00e3o\u201d destaca o vereador Daniel Finizola.<\/p>\n<p style=\"text-align: justify;\">Ap\u00f3s di\u00e1logo, ficou entendido que a Compesa n\u00e3o est\u00e1 medindo esfor\u00e7os para evitar que falte \u00e1gua em qualquer localidade de Caruaru. O gerente regional Jo\u00e3o Raphael, afirma que a companhia est\u00e1 constantemente em reuni\u00f5es para tratar deste assunto durante a pandemia do COVID-19. \u201cEstamos cumprindo nosso papel. A visita dos vereadores \u00e9 muito importante para que atrav\u00e9s deles possamos tranquilizar a popula\u00e7\u00e3o, j\u00e1 que estamos atentos para que n\u00e3o falte \u00e1gua para todos diante desse cen\u00e1rio\u201d.<\/p>\n<p style=\"text-align: justify;\">O vereador Bruno Lambreta faz um saldo positivo da reuni\u00e3o. \u201cA comiss\u00e3o parlamentar, representando os vereadores e a vereadora, est\u00e1 nesse momento em sintonia com o Executivo, participando de reuni\u00f5es, agindo, para que o povo de Caruaru n\u00e3o sofra de forma alguma diante do coronav\u00edrus\u201d afirma.<\/p>\n<p style=\"text-align: justify;\">A Compesa ressalta os canais de atendimento para que a popula\u00e7\u00e3o traga demandas de falta d\u2019\u00e1gua em alguma localidade. \u00c9 poss\u00edvel entrar em contato atrav\u00e9s do aplicativo, web, ou no n\u00famero 0800 081 0195.<\/p>\n\n\n<figure class=\"wp-block-image size-large\"><img loading=\"lazy\" decoding=\"async\" width=\"1024\" height=\"768\" src=\"http:\/\/blogdoedvaldomagalhaes.com.br\/wp-content\/uploads\/2020\/03\/IMG-20200320-WA0185-1024x768.jpg\" alt=\"\" class=\"wp-image-53098\" srcset=\"https:\/\/blogdoedvaldomagalhaes.com.br\/wp-content\/uploads\/2020\/03\/IMG-20200320-WA0185-1024x768.jpg 1024w, https:\/\/blogdoedvaldomagalhaes.com.br\/wp-content\/uploads\/2020\/03\/IMG-20200320-WA0185-300x225.jpg 300w, https:\/\/blogdoedvaldomagalhaes.com.br\/wp-content\/uploads\/2020\/03\/IMG-20200320-WA0185-768x576.jpg 768w, https:\/\/blogdoedvaldomagalhaes.com.br\/wp-content\/uploads\/2020\/03\/IMG-20200320-WA0185-160x120.jpg 160w, https:\/\/blogdoedvaldomagalhaes.com.br\/wp-content\/uploads\/2020\/03\/IMG-20200320-WA0185.jpg 1280w\" sizes=\"auto, (max-width: 1024px) 100vw, 1024px\" \/><figcaption>Cr\u00e9ditos: Leonardo Santos<\/figcaption><\/figure>\n","protected":false},"excerpt":{"rendered":"<p>Na tarde desta sexta-feira (20), vereadores que representam a comiss\u00e3o tempor\u00e1ria especial criada para tratar de assuntos legislativos durante a&hellip;<\/p>\n","protected":false},"author":1,"featured_media":53097,"comment_status":"open","ping_status":"open","sticky":false,"template":"","format":"standard","meta":{"footnotes":""},"categories":[14122],"tags":[2,16881,17588],"class_list":["post-53096","post","type-post","status-publish","format-standard","has-post-thumbnail","hentry","category-politica","tag-blog-do-edvaldo-magalhaes","tag-caruaru-e-regiao","tag-comissao-da-camara-de-caruaru-se-reune-com-compesa-para-garantir-abastecimento-diante-do-coronavirus"],"_links":{"self":[{"href":"https:\/\/blogdoedvaldomagalhaes.com.br\/index.php\/wp-json\/wp\/v2\/posts\/53096","targetHints":{"allow":["GET"]}}],"collection":[{"href":"https:\/\/blogdoedvaldomagalhaes.com.br\/index.php\/wp-json\/wp\/v2\/posts"}],"about":[{"href":"https:\/\/blogdoedvaldomagalhaes.com.br\/index.php\/wp-json\/wp\/v2\/types\/post"}],"author":[{"embeddable":true,"href":"https:\/\/blogdoedvaldomagalhaes.com.br\/index.php\/wp-json\/wp\/v2\/users\/1"}],"replies":[{"embeddable":true,"href":"https:\/\/blogdoedvaldomagalhaes.com.br\/index.php\/wp-json\/wp\/v2\/comments?post=53096"}],"version-history":[{"count":2,"href":"https:\/\/blogdoedvaldomagalhaes.com.br\/index.php\/wp-json\/wp\/v2\/posts\/53096\/revisions"}],"predecessor-version":[{"id":53100,"href":"https:\/\/blogdoedvaldomagalhaes.com.br\/index.php\/wp-json\/wp\/v2\/posts\/53096\/revisions\/53100"}],"wp:featuredmedia":[{"embeddable":true,"href":"https:\/\/blogdoedvaldomagalhaes.com.br\/index.php\/wp-json\/wp\/v2\/media\/53097"}],"wp:attachment":[{"href":"https:\/\/blogdoedvaldomagalhaes.com.br\/index.php\/wp-json\/wp\/v2\/media?parent=53096"}],"wp:term":[{"taxonomy":"category","embeddable":true,"href":"https:\/\/blogdoedvaldomagalhaes.com.br\/index.php\/wp-json\/wp\/v2\/categories?post=53096"},{"taxonomy":"post_tag","embeddable":true,"href":"https:\/\/blogdoedvaldomagalhaes.com.br\/index.php\/wp-json\/wp\/v2\/tags?post=53096"}],"curies":[{"name":"wp","href":"https:\/\/api.w.org\/{rel}","templated":true}]}}