{"id":53093,"date":"2020-03-20T20:38:18","date_gmt":"2020-03-20T23:38:18","guid":{"rendered":"http:\/\/blogdoedvaldomagalhaes.com.br\/?p=53093"},"modified":"2020-03-20T20:38:21","modified_gmt":"2020-03-20T23:38:21","slug":"coronavirus-casa-dos-pobres-sao-francisco-de-assis-toma-providencias-para-proteger-moradores","status":"publish","type":"post","link":"https:\/\/blogdoedvaldomagalhaes.com.br\/index.php\/2020\/03\/20\/coronavirus-casa-dos-pobres-sao-francisco-de-assis-toma-providencias-para-proteger-moradores\/","title":{"rendered":"Coronav\u00edrus: Casa dos Pobres S\u00e3o Francisco de Assis toma provid\u00eancias para proteger moradores"},"content":{"rendered":"<p style=\"text-align: justify;\">O presidente da Casa dos Pobres S\u00e3o Francisco de Assis, determina que a partir de hoje, sexta feira, dia 20\/03, o estacionamento da Casa estar\u00e1 fechado ao p\u00fablico. Todos os funcion\u00e1rios acima de 60 anos est\u00e3o dispensados do trabalho por prazo indeterminado. Est\u00e1 proibido tamb\u00e9m que os funcion\u00e1rios n\u00e3o trabalhem com an\u00e9is, rel\u00f3gios , pulseiras e nenhum outro adere\u00e7o, al\u00e9m da obrigatoriedade de toucas ou amarrados, para os que t\u00eam cabelos abaixo dos ombros. As unhas tamb\u00e9m t\u00eam que ser curtas. Outra orienta\u00e7\u00e3o para os funcion\u00e1rios \u00e9 a cria\u00e7\u00e3o da rotina de tocar a sirene a cada 30 minutos para que todos parem os seus servi\u00e7os para lavar as m\u00e3os.Foi determinado tamb\u00e9m entre todas essas medidas a suspens\u00e3o dos servi\u00e7os ao p\u00fablico e aos moradores dos profissionais de psicologia e fisioterapia. S\u00f3 ser\u00e3o atendidos os casos de extrema necessidade. Os funcion\u00e1rios com sintomas de gripe tamb\u00e9m est\u00e3o sendo dispensados. As visitas tamb\u00e9m est\u00e3o proibidas. O uso obrigat\u00f3rio de m\u00e1scaras e do \u00e1lcool gel continuam sendo exigido. Nesse momento todos precisamos cooperar para que a doen\u00e7a n\u00e3o chegue aos moradores.<\/p>\n","protected":false},"excerpt":{"rendered":"<p>O presidente da Casa dos Pobres S\u00e3o Francisco de Assis, determina que a partir de hoje, sexta feira, dia 20\/03,&hellip;<\/p>\n","protected":false},"author":1,"featured_media":53094,"comment_status":"open","ping_status":"open","sticky":false,"template":"","format":"standard","meta":{"footnotes":""},"categories":[14120],"tags":[2,16881,17587],"class_list":["post-53093","post","type-post","status-publish","format-standard","has-post-thumbnail","hentry","category-noticias","tag-blog-do-edvaldo-magalhaes","tag-caruaru-e-regiao","tag-coronavirus-casa-dos-pobres-sao-francisco-de-assis-toma-providencias-para-proteger-moradores"],"_links":{"self":[{"href":"https:\/\/blogdoedvaldomagalhaes.com.br\/index.php\/wp-json\/wp\/v2\/posts\/53093","targetHints":{"allow":["GET"]}}],"collection":[{"href":"https:\/\/blogdoedvaldomagalhaes.com.br\/index.php\/wp-json\/wp\/v2\/posts"}],"about":[{"href":"https:\/\/blogdoedvaldomagalhaes.com.br\/index.php\/wp-json\/wp\/v2\/types\/post"}],"author":[{"embeddable":true,"href":"https:\/\/blogdoedvaldomagalhaes.com.br\/index.php\/wp-json\/wp\/v2\/users\/1"}],"replies":[{"embeddable":true,"href":"https:\/\/blogdoedvaldomagalhaes.com.br\/index.php\/wp-json\/wp\/v2\/comments?post=53093"}],"version-history":[{"count":1,"href":"https:\/\/blogdoedvaldomagalhaes.com.br\/index.php\/wp-json\/wp\/v2\/posts\/53093\/revisions"}],"predecessor-version":[{"id":53095,"href":"https:\/\/blogdoedvaldomagalhaes.com.br\/index.php\/wp-json\/wp\/v2\/posts\/53093\/revisions\/53095"}],"wp:featuredmedia":[{"embeddable":true,"href":"https:\/\/blogdoedvaldomagalhaes.com.br\/index.php\/wp-json\/wp\/v2\/media\/53094"}],"wp:attachment":[{"href":"https:\/\/blogdoedvaldomagalhaes.com.br\/index.php\/wp-json\/wp\/v2\/media?parent=53093"}],"wp:term":[{"taxonomy":"category","embeddable":true,"href":"https:\/\/blogdoedvaldomagalhaes.com.br\/index.php\/wp-json\/wp\/v2\/categories?post=53093"},{"taxonomy":"post_tag","embeddable":true,"href":"https:\/\/blogdoedvaldomagalhaes.com.br\/index.php\/wp-json\/wp\/v2\/tags?post=53093"}],"curies":[{"name":"wp","href":"https:\/\/api.w.org\/{rel}","templated":true}]}}