{"id":53087,"date":"2020-03-20T18:27:06","date_gmt":"2020-03-20T21:27:06","guid":{"rendered":"http:\/\/blogdoedvaldomagalhaes.com.br\/?p=53087"},"modified":"2020-03-20T18:29:13","modified_gmt":"2020-03-20T21:29:13","slug":"coronavirus-pernambuco-anuncia-1o-caso-de-cura-clinica","status":"publish","type":"post","link":"https:\/\/blogdoedvaldomagalhaes.com.br\/index.php\/2020\/03\/20\/coronavirus-pernambuco-anuncia-1o-caso-de-cura-clinica\/","title":{"rendered":"Coronav\u00edrus: Pernambuco anuncia 1\u00ba caso de &#8220;cura cl\u00ednica&#8221;"},"content":{"rendered":"<p style=\"text-align: justify;\">Sobe para 31 o n\u00famero de casos confirmados do novo coronav\u00edrus em Pernambuco, segundo o novo balan\u00e7o divulgado, nesta sexta-feira (20), pela Secretaria Estadual de Sa\u00fade (SES). Durante coletiva de imprensa, o secret\u00e1rio Andr\u00e9 Longo anunciou o primeiro caso, em Pernambuco, de &#8220;cura cl\u00ednica&#8221; em mulher que foi infectada pelo v\u00edrus. No Brasil, s\u00e3o 904 casos e 11 mortos.<\/p>\n<p>O caso de &#8220;cura cl\u00ednica&#8221;, em Pernambuco, \u00e9 de uma mulher de 66 anos, que foi infectada pelo novo coronav\u00edrus na Europa e est\u00e1 em condi\u00e7\u00f5es de alta. Outros nove pacientes permanecem internados, todos est\u00e1veis. A paciente, que, ao lado do marido, foi a primeira diagnosticada com a covid-19 em Pernambuco, teve cura cl\u00ednica constatada nesta sexta-feira (20). Ela estava internada no Real Hospital Portugu\u00eas (RHP).<\/p>\n<p>O marido dela, de 71 anos, e outros oito pacientes infectados pelo covid-19, permanecem internados, todos est\u00e1veis. Os demais casos confirmados est\u00e3o em isolamento domiciliar. Nas \u00faltimas 24 horas, o n\u00famero de casos confirmados da Covid-19 em Pernambuco subiu de 28 para 31. Dois deles s\u00e3o residentes no Recife e um em Jaboat\u00e3o dos Guararapes.<\/p>\n<p>Fonte: JC<\/p>\n","protected":false},"excerpt":{"rendered":"<p>Sobe para 31 o n\u00famero de casos confirmados do novo coronav\u00edrus em Pernambuco, segundo o novo balan\u00e7o divulgado, nesta sexta-feira&hellip;<\/p>\n","protected":false},"author":1,"featured_media":53090,"comment_status":"open","ping_status":"open","sticky":false,"template":"","format":"standard","meta":{"footnotes":""},"categories":[14120],"tags":[2,16881,17586],"class_list":["post-53087","post","type-post","status-publish","format-standard","has-post-thumbnail","hentry","category-noticias","tag-blog-do-edvaldo-magalhaes","tag-caruaru-e-regiao","tag-coronavirus-pernambuco-anuncia-1o-caso-de-cura-clinica"],"_links":{"self":[{"href":"https:\/\/blogdoedvaldomagalhaes.com.br\/index.php\/wp-json\/wp\/v2\/posts\/53087","targetHints":{"allow":["GET"]}}],"collection":[{"href":"https:\/\/blogdoedvaldomagalhaes.com.br\/index.php\/wp-json\/wp\/v2\/posts"}],"about":[{"href":"https:\/\/blogdoedvaldomagalhaes.com.br\/index.php\/wp-json\/wp\/v2\/types\/post"}],"author":[{"embeddable":true,"href":"https:\/\/blogdoedvaldomagalhaes.com.br\/index.php\/wp-json\/wp\/v2\/users\/1"}],"replies":[{"embeddable":true,"href":"https:\/\/blogdoedvaldomagalhaes.com.br\/index.php\/wp-json\/wp\/v2\/comments?post=53087"}],"version-history":[{"count":3,"href":"https:\/\/blogdoedvaldomagalhaes.com.br\/index.php\/wp-json\/wp\/v2\/posts\/53087\/revisions"}],"predecessor-version":[{"id":53091,"href":"https:\/\/blogdoedvaldomagalhaes.com.br\/index.php\/wp-json\/wp\/v2\/posts\/53087\/revisions\/53091"}],"wp:featuredmedia":[{"embeddable":true,"href":"https:\/\/blogdoedvaldomagalhaes.com.br\/index.php\/wp-json\/wp\/v2\/media\/53090"}],"wp:attachment":[{"href":"https:\/\/blogdoedvaldomagalhaes.com.br\/index.php\/wp-json\/wp\/v2\/media?parent=53087"}],"wp:term":[{"taxonomy":"category","embeddable":true,"href":"https:\/\/blogdoedvaldomagalhaes.com.br\/index.php\/wp-json\/wp\/v2\/categories?post=53087"},{"taxonomy":"post_tag","embeddable":true,"href":"https:\/\/blogdoedvaldomagalhaes.com.br\/index.php\/wp-json\/wp\/v2\/tags?post=53087"}],"curies":[{"name":"wp","href":"https:\/\/api.w.org\/{rel}","templated":true}]}}