{"id":53012,"date":"2020-03-18T21:27:00","date_gmt":"2020-03-19T00:27:00","guid":{"rendered":"http:\/\/blogdoedvaldomagalhaes.com.br\/?p=53012"},"modified":"2020-03-18T21:27:04","modified_gmt":"2020-03-19T00:27:04","slug":"governo-do-estado-e-prefeitura-do-recife-realizam-acao-conjunta-para-ampliar-vagas-de-utis","status":"publish","type":"post","link":"https:\/\/blogdoedvaldomagalhaes.com.br\/index.php\/2020\/03\/18\/governo-do-estado-e-prefeitura-do-recife-realizam-acao-conjunta-para-ampliar-vagas-de-utis\/","title":{"rendered":"Governo do Estado e Prefeitura do Recife realizam a\u00e7\u00e3o conjunta para ampliar vagas de UTIs"},"content":{"rendered":"<p style=\"text-align: justify;\"><span style=\"font-size: inherit;\">Secretarias de Sa\u00fade do Estado e da Capital v\u00e3o estruturar servi\u00e7o de teleatendimento para orientar popula\u00e7\u00e3o e realizar a triagem de casos e regula\u00e7\u00e3o de leitos.<\/span><\/p>\n<p style=\"text-align: justify;\">O Governo de Pernambuco e a Prefeitura do Recife uniram esfor\u00e7os para abrir 400 novas vagas de UTI e 600 vagas de leitos de retaguarda em todo o Estado, com o objetivo de enfrentar a epidemia da Covid-19. O governo ir\u00e1 fazer a requisi\u00e7\u00e3o administrativa dos hospitais privados Nossa Senhora das Gra\u00e7as, em Boa Viagem, e Unicordis, no Torre\u00e3o, atualmente desativados. A amplia\u00e7\u00e3o da rede tamb\u00e9m chegar\u00e1 a Caruaru, Serra Talhada, Araripina e Petrolina.<br \/>\nAs secretarias de Sa\u00fade do Estado e da Capital v\u00e3o estruturar um servi\u00e7o de teleatendimento com 150 posi\u00e7\u00f5es para orientar a popula\u00e7\u00e3o e realizar a triagem de casos e regula\u00e7\u00e3o de leitos. As pessoas poder\u00e3o ligar para um n\u00famero gratuito e ser\u00e3o orientadas para procurar o servi\u00e7o m\u00e9dico mais pr\u00f3ximo ou permanecer em repouso em casa.<br \/>\nA partir da pr\u00f3xima sexta-feira (20), a realiza\u00e7\u00e3o de cirurgias eletivas ser\u00e1 suspensa em todo o Estado. A inten\u00e7\u00e3o \u00e9 liberar o maior n\u00famero poss\u00edvel de leitos para o tratamento dos pacientes infectados com o coronav\u00edrus.<br \/>\nNas \u00faltimas 24 horas, Pernambuco teve tr\u00eas novos casos confirmados da Covid-19. Agora s\u00e3o 22 casos confirmados no Estado. Os tr\u00eas \u00faltimos s\u00e3o de transmiss\u00e3o local \u2013 quando os infectados tiveram contato com pessoas que vieram do exterior.<br \/>\nA Secretaria de Desenvolvimento Econ\u00f4mico comandou uma reuni\u00e3o na manh\u00e3 de ontem (17) para assegurar o abastecimento de alimentos e g\u00eaneros de primeira necessidade em Pernambuco. Foi criado um comit\u00ea de monitoramento, com a participa\u00e7\u00e3o de representantes da Associa\u00e7\u00e3o de Atacadistas e Distribuidores de Pernambuco (ASPA), Federa\u00e7\u00e3o das Ind\u00fastrias de Pernambuco (Fiepe), Associa\u00e7\u00e3o Pernambucana de Supermercados (Apes), Complexo Industrial Portu\u00e1rio de Suape, C\u00e2mara de Dirigentes Lojistas (CDL) e Ceasa. O comit\u00ea ir\u00e1 monitorar os pontos de venda e assegurar a manuten\u00e7\u00e3o dos itens \u00e0 disposi\u00e7\u00e3o dos consumidores.<br \/>\nLEITOS DE UTI \u2013 A rede estadual de sa\u00fade de Pernambuco conta, atualmente, com 1.018 vagas de UTI, entre leitos pr\u00f3prios e contratualizados junto \u00e0 rede credenciada. De acordo com levantamento do Conselho Federal de Medicina (CFM), divulgado no final de 2018, o Estado est\u00e1 entre os 10 do Pa\u00eds que atendem \u00e0s recomenda\u00e7\u00f5es de propor\u00e7\u00e3o de leitos de UTI para a popula\u00e7\u00e3o, ocupando o primeiro lugar no Norte\/Nordeste. De acordo com a Associa\u00e7\u00e3o de Medicina Intensiva Brasileira, a propor\u00e7\u00e3o ideal \u00e9 de um a tr\u00eas leitos de UTI na rede p\u00fablica para cada 10 mil habitantes usu\u00e1rios do SUS. Em Pernambuco, essa propor\u00e7\u00e3o \u00e9 de 1,09, acima de Bahia, Cear\u00e1, Rio de Janeiro, Santa Catarina e Distrito Federal. Vale destacar, ainda, que Pernambuco possui uma das maiores redes p\u00fablicas pr\u00f3prias do Brasil e do Nordeste.<\/p>\n","protected":false},"excerpt":{"rendered":"<p>Secretarias de Sa\u00fade do Estado e da Capital v\u00e3o estruturar servi\u00e7o de teleatendimento para orientar popula\u00e7\u00e3o e realizar a triagem&hellip;<\/p>\n","protected":false},"author":1,"featured_media":53013,"comment_status":"open","ping_status":"open","sticky":false,"template":"","format":"standard","meta":{"footnotes":""},"categories":[14120],"tags":[2,16881,17564],"class_list":["post-53012","post","type-post","status-publish","format-standard","has-post-thumbnail","hentry","category-noticias","tag-blog-do-edvaldo-magalhaes","tag-caruaru-e-regiao","tag-governo-do-estado-e-prefeitura-do-recife-realizam-acao-conjunta-para-ampliar-vagas-de-utis"],"_links":{"self":[{"href":"https:\/\/blogdoedvaldomagalhaes.com.br\/index.php\/wp-json\/wp\/v2\/posts\/53012","targetHints":{"allow":["GET"]}}],"collection":[{"href":"https:\/\/blogdoedvaldomagalhaes.com.br\/index.php\/wp-json\/wp\/v2\/posts"}],"about":[{"href":"https:\/\/blogdoedvaldomagalhaes.com.br\/index.php\/wp-json\/wp\/v2\/types\/post"}],"author":[{"embeddable":true,"href":"https:\/\/blogdoedvaldomagalhaes.com.br\/index.php\/wp-json\/wp\/v2\/users\/1"}],"replies":[{"embeddable":true,"href":"https:\/\/blogdoedvaldomagalhaes.com.br\/index.php\/wp-json\/wp\/v2\/comments?post=53012"}],"version-history":[{"count":1,"href":"https:\/\/blogdoedvaldomagalhaes.com.br\/index.php\/wp-json\/wp\/v2\/posts\/53012\/revisions"}],"predecessor-version":[{"id":53014,"href":"https:\/\/blogdoedvaldomagalhaes.com.br\/index.php\/wp-json\/wp\/v2\/posts\/53012\/revisions\/53014"}],"wp:featuredmedia":[{"embeddable":true,"href":"https:\/\/blogdoedvaldomagalhaes.com.br\/index.php\/wp-json\/wp\/v2\/media\/53013"}],"wp:attachment":[{"href":"https:\/\/blogdoedvaldomagalhaes.com.br\/index.php\/wp-json\/wp\/v2\/media?parent=53012"}],"wp:term":[{"taxonomy":"category","embeddable":true,"href":"https:\/\/blogdoedvaldomagalhaes.com.br\/index.php\/wp-json\/wp\/v2\/categories?post=53012"},{"taxonomy":"post_tag","embeddable":true,"href":"https:\/\/blogdoedvaldomagalhaes.com.br\/index.php\/wp-json\/wp\/v2\/tags?post=53012"}],"curies":[{"name":"wp","href":"https:\/\/api.w.org\/{rel}","templated":true}]}}