{"id":53007,"date":"2020-03-18T16:44:43","date_gmt":"2020-03-18T19:44:43","guid":{"rendered":"http:\/\/blogdoedvaldomagalhaes.com.br\/?p=53007"},"modified":"2020-03-19T14:11:08","modified_gmt":"2020-03-19T17:11:08","slug":"missas-sem-a-presenca-de-fieis-na-diocese-de-caruaru","status":"publish","type":"post","link":"https:\/\/blogdoedvaldomagalhaes.com.br\/index.php\/2020\/03\/18\/missas-sem-a-presenca-de-fieis-na-diocese-de-caruaru\/","title":{"rendered":"Missas sem a presen\u00e7a de fi\u00e9is na Diocese de Caruaru"},"content":{"rendered":"<p style=\"text-align: justify;\">Diocese de Caruaru decreta novas medidas de preven\u00e7\u00e3o ao Covid &#8211; 19.<\/p>\n<p style=\"text-align: justify;\">Considerando as medidas tempor\u00e1rias para enfrentamento da emerg\u00eancia de sa\u00fade p\u00fablica de import\u00e2ncia internacional decorrente do surto da COVID-19 (novo coronav\u00edrus), impostas pelo Estado de Pernambuco por meio do Decreto n\u00ba 48.809, de 14 de mar\u00e7o de 2020, com reda\u00e7\u00e3o alterada pelo Decreto n\u00ba 48.822, de 17 de mar\u00e7o de 2020, especialmente com rela\u00e7\u00e3o \u00e0 suspens\u00e3o, em todo o territ\u00f3rio estadual, de eventos de qualquer natureza com p\u00fablico superior a 50 (cinquenta) pessoas (Art. 3\u00ba).<\/p>\n<p style=\"text-align: justify;\">Considerando, ainda, as medidas emergenciais impostas pelo Munic\u00edpio de Caruaru por meio do Decreto n\u00ba 024\/2020, de 15 de mar\u00e7o de 2020, que tamb\u00e9m restringiu a realiza\u00e7\u00e3o de eventos com aglomera\u00e7\u00e3o de pessoas na cidade.<\/p>\n<p style=\"text-align: justify;\">Por fim, considerando que o descumprimento de medida sanit\u00e1ria preventiva de isolamento social \u00e9 crime contra a sa\u00fade p\u00fablica, tipificado pelo art. 268 do C\u00f3digo Penal (Decreto-Lei n\u00ba 2.848, de 7 de dezembro de 1940).<br \/>\nAssim, em respeito aos decretos governamentais acima mencionados, bem como \u00e0 legisla\u00e7\u00e3o vigente, no compromisso com a vida e o bem integral de toda pessoa humana, em comunh\u00e3o com a CNBB e as demais dioceses do Brasil, havemos por bem decretar as seguintes medidas para este tempo de risco de contamina\u00e7\u00e3o e de preven\u00e7\u00e3o da COVID 19 (novo coronav\u00edrus), com vig\u00eancia em todo o territ\u00f3rio diocesano:<\/p>\n<p>1. Diariamente rezemos as 15hs, o ter\u00e7o da miseric\u00f3rdia e ao final, a recita\u00e7\u00e3o \u00e0 Nossa Senhora das Dores, da ora\u00e7\u00e3o enviada a todas as Par\u00f3quias;<\/p>\n<p style=\"text-align: justify;\">2. O cumprimento das determina\u00e7\u00f5es emanadas pelos poderes p\u00fablicos, estadual e municipal, especialmente o Minist\u00e9rio da Sa\u00fade;<\/p>\n<p style=\"text-align: justify;\">3. Suspens\u00e3o das Missas abertas ao p\u00fablico, mantendo-se, por\u00e9m, as Igrejas de portas abertas, nos hor\u00e1rios em que as celebra\u00e7\u00f5es n\u00e3o estiverem acontecendo;<\/p>\n<p style=\"text-align: justify;\">4. Suspens\u00e3o de todas as atividades pastorais, catequ\u00e9ticas e espirituais que re\u00fanam mais de 50 pessoas nas Igrejas e suas depend\u00eancias;<\/p>\n<p style=\"text-align: justify;\">5. Aos sacerdotes, com base no c\u00e2non 904, determinamos que celebrem diariamente e de modo privado a Santa Missa, pois na celebra\u00e7\u00e3o do mist\u00e9rio eucar\u00edstico se exerce continuadamente a obra da reden\u00e7\u00e3o, como ato de Cristo e da Igreja. Estas sejam transmitidas, o quanto poss\u00edvel, pelas PASCOM\u00b4s paroquiais atrav\u00e9s das redes sociais digitais;<\/p>\n<p style=\"text-align: justify;\">6. A celebra\u00e7\u00e3o dos Sacramentos e sacramentais, levem em considera\u00e7\u00e3o o n\u00famero de pessoas previsto pelos decretos estadual e municipais;<\/p>\n<p style=\"text-align: justify;\">7. Fazendo uso de suas atribui\u00e7\u00f5es, segundo o c. 87 \u00a71, o Sr. Bispo Diocesano dispensa os fieis do c\u00e2non 1247, que os obriga \u00e0 participa\u00e7\u00e3o nas Missas aos domingos e dias de festa; contudo, recomenda-se vivamente, que as assistam atrav\u00e9s dos meios de comunica\u00e7\u00e3o;<\/p>\n<p style=\"text-align: justify;\">8. Ainda aos p\u00e1rocos, recomenda-se manter as Igrejas com higieniza\u00e7\u00e3o redobrada, incluindo, o quanto poss\u00edvel, a utiliza\u00e7\u00e3o do \u00e1lcool Gel na entrada dos templos;<\/p>\n<p style=\"text-align: justify;\">9. \u00c0s pessoas idosas, independentemente do n\u00famero estabelecido pelos poderes p\u00fablicos, de pessoas reunidas em eventos de qualquer natureza, recomendamos a comunh\u00e3o espiritual assistindo \u00e0s celebra\u00e7\u00f5es Eucar\u00edsticas atrav\u00e9s dos meios de comunica\u00e7\u00e3o, R\u00e1dios, Tv\u00b4s, canais de redes sociais e pela internet;<\/p>\n<p style=\"text-align: justify;\">10. Os ministros(as) Extraordin\u00e1rios(as) da Comunh\u00e3o Eucar\u00edstica, com mais de 60 anos de idade, est\u00e3o dispensados(as) das suas fun\u00e7\u00f5es, enquanto durar o v\u00edrus;<\/p>\n<p style=\"text-align: justify;\">11. Festa de S\u00e3o Jos\u00e9: Bezerros, Caruaru, Ch\u00e3 Grande e P\u00e3o de A\u00e7\u00facar est\u00e3o suspensas;<\/p>\n<p style=\"text-align: justify;\">12. O Bispo Diocesano roga \u00e0s emissoras de r\u00e1dio e blogs que, por caridade, transmitam as celebra\u00e7\u00f5es das Santas Missas, a fim de que nossos fieis acompanhem as celebra\u00e7\u00f5es em casa;<\/p>\n<p style=\"text-align: justify;\">13. Outras orienta\u00e7\u00f5es sobre a semana santa, faremos posteriormente;<\/p>\n<p style=\"text-align: justify;\">14. N\u00e3o abandonemos os nossos irm\u00e3os enfermos, quer pela ora\u00e7\u00e3o, quer tamb\u00e9m pelo Sagrado Vi\u00e1tico.<\/p>\n<p>Este Decreto, revoga as disposi\u00e7\u00f5es anteriormente publicadas e, entra em vigor a partir da data de sua publica\u00e7\u00e3o, produzindo efeitos enquanto perdurar a vig\u00eancia dos decretos governamentais n\u00ba 48.809 do Estado de Pernambuco e n\u00ba 024\/2020 do Munic\u00edpio de Caruaru, bem como, outros decretos emanados pelos demais munic\u00edpios que comp\u00f5em o territ\u00f3rio diocesano.<\/p>\n<p style=\"text-align: justify;\">DADO e PASSADO nesta episcopal cidade de Caruaru-PE, junto \u00e0 C\u00faria Diocesana, aos 17 dias do m\u00eas de mar\u00e7o do ano do Senhor de 2020, sob nosso Signum e selo de nossa Chancelaria.<\/p>\n<p>*Dom Jos\u00e9 Ruy Gon\u00e7alves Lopes OFM, Cap.*<br \/>\n_Bispo Diocesano de Caruaru_<\/p>\n","protected":false},"excerpt":{"rendered":"<p>Diocese de Caruaru decreta novas medidas de preven\u00e7\u00e3o ao Covid &#8211; 19. Considerando as medidas tempor\u00e1rias para enfrentamento da emerg\u00eancia&hellip;<\/p>\n","protected":false},"author":1,"featured_media":53008,"comment_status":"open","ping_status":"open","sticky":false,"template":"","format":"standard","meta":{"footnotes":""},"categories":[14120],"tags":[2,16881,17563],"class_list":["post-53007","post","type-post","status-publish","format-standard","has-post-thumbnail","hentry","category-noticias","tag-blog-do-edvaldo-magalhaes","tag-caruaru-e-regiao","tag-missas-sem-a-presenca-de-fieis-na-diocese-de-caruaru"],"_links":{"self":[{"href":"https:\/\/blogdoedvaldomagalhaes.com.br\/index.php\/wp-json\/wp\/v2\/posts\/53007","targetHints":{"allow":["GET"]}}],"collection":[{"href":"https:\/\/blogdoedvaldomagalhaes.com.br\/index.php\/wp-json\/wp\/v2\/posts"}],"about":[{"href":"https:\/\/blogdoedvaldomagalhaes.com.br\/index.php\/wp-json\/wp\/v2\/types\/post"}],"author":[{"embeddable":true,"href":"https:\/\/blogdoedvaldomagalhaes.com.br\/index.php\/wp-json\/wp\/v2\/users\/1"}],"replies":[{"embeddable":true,"href":"https:\/\/blogdoedvaldomagalhaes.com.br\/index.php\/wp-json\/wp\/v2\/comments?post=53007"}],"version-history":[{"count":3,"href":"https:\/\/blogdoedvaldomagalhaes.com.br\/index.php\/wp-json\/wp\/v2\/posts\/53007\/revisions"}],"predecessor-version":[{"id":53046,"href":"https:\/\/blogdoedvaldomagalhaes.com.br\/index.php\/wp-json\/wp\/v2\/posts\/53007\/revisions\/53046"}],"wp:featuredmedia":[{"embeddable":true,"href":"https:\/\/blogdoedvaldomagalhaes.com.br\/index.php\/wp-json\/wp\/v2\/media\/53008"}],"wp:attachment":[{"href":"https:\/\/blogdoedvaldomagalhaes.com.br\/index.php\/wp-json\/wp\/v2\/media?parent=53007"}],"wp:term":[{"taxonomy":"category","embeddable":true,"href":"https:\/\/blogdoedvaldomagalhaes.com.br\/index.php\/wp-json\/wp\/v2\/categories?post=53007"},{"taxonomy":"post_tag","embeddable":true,"href":"https:\/\/blogdoedvaldomagalhaes.com.br\/index.php\/wp-json\/wp\/v2\/tags?post=53007"}],"curies":[{"name":"wp","href":"https:\/\/api.w.org\/{rel}","templated":true}]}}