{"id":53004,"date":"2020-03-18T15:34:41","date_gmt":"2020-03-18T18:34:41","guid":{"rendered":"http:\/\/blogdoedvaldomagalhaes.com.br\/?p=53004"},"modified":"2020-03-18T16:55:41","modified_gmt":"2020-03-18T19:55:41","slug":"suspensas-as-feiras-da-sulanca-de-caruaru-toritama-e-santa-cruz-do-capibaribe","status":"publish","type":"post","link":"https:\/\/blogdoedvaldomagalhaes.com.br\/index.php\/2020\/03\/18\/suspensas-as-feiras-da-sulanca-de-caruaru-toritama-e-santa-cruz-do-capibaribe\/","title":{"rendered":"Suspensas as Feiras da Sulanca de Caruaru, Toritama e Santa Cruz do Capibaribe"},"content":{"rendered":"<p style=\"text-align: justify;\"><span style=\"font-size: inherit;\">Nota oficial das Prefeituras de Caruaru, Santa Cruz do Capibaribe e Toritama, em conjunto com o Governo do Estado, anunciando a suspens\u00e3o da Feira da Sulanca de Caruaru, do Moda Center Santa Cruz, do Cal\u00e7ad\u00e3o Miguel Arraes e da Feira do Jeans de Toritama.<\/span><\/p>\n<p style=\"text-align: justify;\">Atc.,<br \/>\nCarlos Pimenta<br \/>\n_Secret\u00e1rio Executivo de Imprensa de Caruaru_<\/p>\n<p style=\"text-align: justify;\">*NOTA OFICIAL* &#8211; As Prefeituras de Caruaru, Santa Cruz do Capibaribe e de Toritama, em conjunto com o Governo de Pernambuco, decidiram suspender, de imediato, a Feira da Sulanca de Caruaru, o Moda Center Santa Cruz, o Cal\u00e7ad\u00e3o Miguel Arraes e a Feira do Jeans de Toritama. A atitude refor\u00e7a a necessidade de conter o avan\u00e7o do novo coronav\u00edrus na regi\u00e3o, buscando garantir a sa\u00fade de toda a popula\u00e7\u00e3o. Os munic\u00edpios refor\u00e7am que, at\u00e9 o momento, nenhum caso foi confirmado nas cidades, e que v\u00eam trabalhando para que seja reduzido ao m\u00e1ximo os problemas causados pelo Covid-19.<\/p>\n","protected":false},"excerpt":{"rendered":"<p>Nota oficial das Prefeituras de Caruaru, Santa Cruz do Capibaribe e Toritama, em conjunto com o Governo do Estado, anunciando&hellip;<\/p>\n","protected":false},"author":1,"featured_media":53005,"comment_status":"open","ping_status":"open","sticky":false,"template":"","format":"standard","meta":{"footnotes":""},"categories":[14120],"tags":[2,16881,17561,17562],"class_list":["post-53004","post","type-post","status-publish","format-standard","has-post-thumbnail","hentry","category-noticias","tag-blog-do-edvaldo-magalhaes","tag-caruaru-e-regiao","tag-suspensas-as-feiras-da-sulanca-de-caruaru","tag-toritama-e-santa-cruz-do-capibaribe"],"_links":{"self":[{"href":"https:\/\/blogdoedvaldomagalhaes.com.br\/index.php\/wp-json\/wp\/v2\/posts\/53004","targetHints":{"allow":["GET"]}}],"collection":[{"href":"https:\/\/blogdoedvaldomagalhaes.com.br\/index.php\/wp-json\/wp\/v2\/posts"}],"about":[{"href":"https:\/\/blogdoedvaldomagalhaes.com.br\/index.php\/wp-json\/wp\/v2\/types\/post"}],"author":[{"embeddable":true,"href":"https:\/\/blogdoedvaldomagalhaes.com.br\/index.php\/wp-json\/wp\/v2\/users\/1"}],"replies":[{"embeddable":true,"href":"https:\/\/blogdoedvaldomagalhaes.com.br\/index.php\/wp-json\/wp\/v2\/comments?post=53004"}],"version-history":[{"count":1,"href":"https:\/\/blogdoedvaldomagalhaes.com.br\/index.php\/wp-json\/wp\/v2\/posts\/53004\/revisions"}],"predecessor-version":[{"id":53006,"href":"https:\/\/blogdoedvaldomagalhaes.com.br\/index.php\/wp-json\/wp\/v2\/posts\/53004\/revisions\/53006"}],"wp:featuredmedia":[{"embeddable":true,"href":"https:\/\/blogdoedvaldomagalhaes.com.br\/index.php\/wp-json\/wp\/v2\/media\/53005"}],"wp:attachment":[{"href":"https:\/\/blogdoedvaldomagalhaes.com.br\/index.php\/wp-json\/wp\/v2\/media?parent=53004"}],"wp:term":[{"taxonomy":"category","embeddable":true,"href":"https:\/\/blogdoedvaldomagalhaes.com.br\/index.php\/wp-json\/wp\/v2\/categories?post=53004"},{"taxonomy":"post_tag","embeddable":true,"href":"https:\/\/blogdoedvaldomagalhaes.com.br\/index.php\/wp-json\/wp\/v2\/tags?post=53004"}],"curies":[{"name":"wp","href":"https:\/\/api.w.org\/{rel}","templated":true}]}}