{"id":52987,"date":"2020-03-17T22:19:12","date_gmt":"2020-03-18T01:19:12","guid":{"rendered":"http:\/\/blogdoedvaldomagalhaes.com.br\/?p=52987"},"modified":"2020-03-17T22:19:20","modified_gmt":"2020-03-18T01:19:20","slug":"coronavirus-confira-as-novas-suspensoes-em-caruaru","status":"publish","type":"post","link":"https:\/\/blogdoedvaldomagalhaes.com.br\/index.php\/2020\/03\/17\/coronavirus-confira-as-novas-suspensoes-em-caruaru\/","title":{"rendered":"Coronav\u00edrus: Confira as novas suspens\u00f5es em Caruaru"},"content":{"rendered":"<p style=\"text-align: justify;\"><span style=\"font-size: inherit;\">Novas medidas ao combate do Covid-19 foram definidas nesta ter\u00e7a-feira (17), pela Prefeitura de Caruaru. As a\u00e7\u00f5es refor\u00e7am o Decreto Municipal n\u00ba 024\/2020, publicado no \u00faltimo domingo (15), que definem as determina\u00e7\u00f5es do Poder Municipal na preven\u00e7\u00e3o da doen\u00e7a na cidade. A nova Portaria foi preparada pelo Grupo Integrado de Atendimento de Emerg\u00eancias Relacionadas a Desastres Naturais e Correlatos e publicada na noite da ter\u00e7a-feira. At\u00e9 o momento, nenhum caso foi confirmado em Caruaru.<\/span><\/p>\n<p style=\"text-align: justify;\">O documento apresenta uma s\u00e9rie de determina\u00e7\u00f5es que j\u00e1 est\u00e3o sendo adotadas em v\u00e1rias partes do mundo, trazendo para a realidade local. De acordo com o Secret\u00e1rio de Sa\u00fade e coordenador do Grupo, Francisco Santos, as medidas s\u00e3o fundamentais para a preserva\u00e7\u00e3o da sa\u00fade da popula\u00e7\u00e3o. \u201cCada novo ponto que acrescentamos, seja de suspens\u00e3o, determina\u00e7\u00e3o ou recomenda\u00e7\u00e3o, tudo \u00e9 fundamentado em experi\u00eancias reais. As pessoas precisam entender a gravidade do novo coronav\u00edrus e fazer a sua parte neste combate\u201d, refor\u00e7a o secret\u00e1rio.<\/p>\n<p style=\"text-align: justify;\">Mais duas defini\u00e7\u00f5es interferem os servi\u00e7os p\u00fablicos, j\u00e1 a partir desta quarta-feira (18). De acordo com a Portaria, Ser\u00e3o suspensas as audi\u00eancias de concilia\u00e7\u00e3o e prazos do PROCON Municipal, al\u00e9m das reuni\u00f5es de todos os Conselhos Municipais.<\/p>\n<p style=\"text-align: justify;\">Entre as determina\u00e7\u00f5es, tamb\u00e9m a partir da quarta-feira, ficou definido o fechamento de academias de gin\u00e1stica, cinemas, teatros e casas de show. Tamb\u00e9m haver\u00e1 restri\u00e7\u00e3o de hor\u00e1rio de atendimento ao p\u00fablico da Administra\u00e7\u00e3o Municipal e \u00f3rg\u00e3os respectivos, das 7h \u00e0s 13h. Por fim, o fechamento das quadras esportivas na Via Parque.<\/p>\n<p style=\"text-align: justify;\">No conjunto de recomenda\u00e7\u00f5es, a publica\u00e7\u00e3o restringe os atendimentos ambulatoriais n\u00e3o priorit\u00e1rios, na rede p\u00fablica e privada, assim como as visitas aos hospitais p\u00fablicos e privados. Como prioridades, ficaram definidos os atendimentos domiciliares de sa\u00fade aos idosos e a vacina\u00e7\u00e3o domiciliar de crian\u00e7as e idosos. O secret\u00e1rio de sa\u00fade ainda refor\u00e7a que todas essas a\u00e7\u00f5es foram cuidadosamente avaliadas, a fim de reduzir ao m\u00e1ximo os problemas causados pela doen\u00e7a na cidade.<\/p>\n","protected":false},"excerpt":{"rendered":"<p>Novas medidas ao combate do Covid-19 foram definidas nesta ter\u00e7a-feira (17), pela Prefeitura de Caruaru. As a\u00e7\u00f5es refor\u00e7am o Decreto&hellip;<\/p>\n","protected":false},"author":1,"featured_media":52988,"comment_status":"open","ping_status":"open","sticky":false,"template":"","format":"standard","meta":{"footnotes":""},"categories":[14120],"tags":[2,16881],"class_list":["post-52987","post","type-post","status-publish","format-standard","has-post-thumbnail","hentry","category-noticias","tag-blog-do-edvaldo-magalhaes","tag-caruaru-e-regiao"],"_links":{"self":[{"href":"https:\/\/blogdoedvaldomagalhaes.com.br\/index.php\/wp-json\/wp\/v2\/posts\/52987","targetHints":{"allow":["GET"]}}],"collection":[{"href":"https:\/\/blogdoedvaldomagalhaes.com.br\/index.php\/wp-json\/wp\/v2\/posts"}],"about":[{"href":"https:\/\/blogdoedvaldomagalhaes.com.br\/index.php\/wp-json\/wp\/v2\/types\/post"}],"author":[{"embeddable":true,"href":"https:\/\/blogdoedvaldomagalhaes.com.br\/index.php\/wp-json\/wp\/v2\/users\/1"}],"replies":[{"embeddable":true,"href":"https:\/\/blogdoedvaldomagalhaes.com.br\/index.php\/wp-json\/wp\/v2\/comments?post=52987"}],"version-history":[{"count":1,"href":"https:\/\/blogdoedvaldomagalhaes.com.br\/index.php\/wp-json\/wp\/v2\/posts\/52987\/revisions"}],"predecessor-version":[{"id":52989,"href":"https:\/\/blogdoedvaldomagalhaes.com.br\/index.php\/wp-json\/wp\/v2\/posts\/52987\/revisions\/52989"}],"wp:featuredmedia":[{"embeddable":true,"href":"https:\/\/blogdoedvaldomagalhaes.com.br\/index.php\/wp-json\/wp\/v2\/media\/52988"}],"wp:attachment":[{"href":"https:\/\/blogdoedvaldomagalhaes.com.br\/index.php\/wp-json\/wp\/v2\/media?parent=52987"}],"wp:term":[{"taxonomy":"category","embeddable":true,"href":"https:\/\/blogdoedvaldomagalhaes.com.br\/index.php\/wp-json\/wp\/v2\/categories?post=52987"},{"taxonomy":"post_tag","embeddable":true,"href":"https:\/\/blogdoedvaldomagalhaes.com.br\/index.php\/wp-json\/wp\/v2\/tags?post=52987"}],"curies":[{"name":"wp","href":"https:\/\/api.w.org\/{rel}","templated":true}]}}