{"id":52984,"date":"2020-03-17T20:13:46","date_gmt":"2020-03-17T23:13:46","guid":{"rendered":"http:\/\/blogdoedvaldomagalhaes.com.br\/?p=52984"},"modified":"2020-03-17T20:24:08","modified_gmt":"2020-03-17T23:24:08","slug":"oab-caruaru-e-procon-fazem-fiscalizacoes-para-combater-precos-abusivos-de-mascaras-e-alcool-em-gel","status":"publish","type":"post","link":"https:\/\/blogdoedvaldomagalhaes.com.br\/index.php\/2020\/03\/17\/oab-caruaru-e-procon-fazem-fiscalizacoes-para-combater-precos-abusivos-de-mascaras-e-alcool-em-gel\/","title":{"rendered":"OAB Caruaru e Procon fazem fiscaliza\u00e7\u00f5es para combater pre\u00e7os abusivos de m\u00e1scaras e \u00e1lcool em gel"},"content":{"rendered":"<p style=\"text-align: justify;\"><span style=\"font-size: inherit;\">A OAB Caruaru, por meio da Comiss\u00e3o de Defesa do Consumidor, e o Procon Caruaru realizaram nesta ter\u00e7a-feira (17) uma a\u00e7\u00e3o de fiscaliza\u00e7\u00e3o em farm\u00e1cias e estabelecimentos que comercializam \u00e1lcool em gel e m\u00e1scaras cir\u00fargicas. O objetivo foi identificar e coibir o superfaturamento dos produtos, o que caracteriza pr\u00e1tica abusiva, de acordo o C\u00f3digo de Defesa do Consumidor.<\/span><\/p>\n<p style=\"text-align: justify;\">A visita foi realizada em estabelecimentos de diversos bairros da cidade, que receberam notifica\u00e7\u00e3o pela pr\u00e1tica. O \u00e1lcool em gel \u00e9 um dos principais produtos utilizados como forma de preven\u00e7\u00e3o ao coronav\u00edrus (COVID-19) e a alta procura pelo item nos \u00faltimos dias tem alertado os \u00f3rg\u00e3os fiscalizadores e deixado o produto escasso em diversas lojas.<\/p>\n<p style=\"text-align: justify;\">*DIREITO DO CONSUMIDOR*<\/p>\n<p style=\"text-align: justify;\">O consumidor que se deparar com um pre\u00e7o abusivo pode fazer o registro atrav\u00e9s de foto ou guardar a nota fiscal para fazer a den\u00fancia junto ao Procon (81) 3727-0289.<\/p>\n","protected":false},"excerpt":{"rendered":"<p>A OAB Caruaru, por meio da Comiss\u00e3o de Defesa do Consumidor, e o Procon Caruaru realizaram nesta ter\u00e7a-feira (17) uma&hellip;<\/p>\n","protected":false},"author":1,"featured_media":52985,"comment_status":"open","ping_status":"open","sticky":false,"template":"","format":"standard","meta":{"footnotes":""},"categories":[14120],"tags":[],"class_list":["post-52984","post","type-post","status-publish","format-standard","has-post-thumbnail","hentry","category-noticias"],"_links":{"self":[{"href":"https:\/\/blogdoedvaldomagalhaes.com.br\/index.php\/wp-json\/wp\/v2\/posts\/52984","targetHints":{"allow":["GET"]}}],"collection":[{"href":"https:\/\/blogdoedvaldomagalhaes.com.br\/index.php\/wp-json\/wp\/v2\/posts"}],"about":[{"href":"https:\/\/blogdoedvaldomagalhaes.com.br\/index.php\/wp-json\/wp\/v2\/types\/post"}],"author":[{"embeddable":true,"href":"https:\/\/blogdoedvaldomagalhaes.com.br\/index.php\/wp-json\/wp\/v2\/users\/1"}],"replies":[{"embeddable":true,"href":"https:\/\/blogdoedvaldomagalhaes.com.br\/index.php\/wp-json\/wp\/v2\/comments?post=52984"}],"version-history":[{"count":1,"href":"https:\/\/blogdoedvaldomagalhaes.com.br\/index.php\/wp-json\/wp\/v2\/posts\/52984\/revisions"}],"predecessor-version":[{"id":52986,"href":"https:\/\/blogdoedvaldomagalhaes.com.br\/index.php\/wp-json\/wp\/v2\/posts\/52984\/revisions\/52986"}],"wp:featuredmedia":[{"embeddable":true,"href":"https:\/\/blogdoedvaldomagalhaes.com.br\/index.php\/wp-json\/wp\/v2\/media\/52985"}],"wp:attachment":[{"href":"https:\/\/blogdoedvaldomagalhaes.com.br\/index.php\/wp-json\/wp\/v2\/media?parent=52984"}],"wp:term":[{"taxonomy":"category","embeddable":true,"href":"https:\/\/blogdoedvaldomagalhaes.com.br\/index.php\/wp-json\/wp\/v2\/categories?post=52984"},{"taxonomy":"post_tag","embeddable":true,"href":"https:\/\/blogdoedvaldomagalhaes.com.br\/index.php\/wp-json\/wp\/v2\/tags?post=52984"}],"curies":[{"name":"wp","href":"https:\/\/api.w.org\/{rel}","templated":true}]}}