{"id":52979,"date":"2020-03-17T18:08:48","date_gmt":"2020-03-17T21:08:48","guid":{"rendered":"http:\/\/blogdoedvaldomagalhaes.com.br\/?p=52979"},"modified":"2020-03-17T18:10:14","modified_gmt":"2020-03-17T21:10:14","slug":"coronavirus-detran-pe-suspende-atividades-de-exames-praticos-de-direcao-veicular","status":"publish","type":"post","link":"https:\/\/blogdoedvaldomagalhaes.com.br\/index.php\/2020\/03\/17\/coronavirus-detran-pe-suspende-atividades-de-exames-praticos-de-direcao-veicular\/","title":{"rendered":"Coronav\u00edrus: Detran-PE suspende atividades de exames pr\u00e1ticos de dire\u00e7\u00e3o veicular"},"content":{"rendered":"<p style=\"text-align: justify;\">Por determina\u00e7\u00e3o do Diretor-Presidente do Detran-PE, Roberto Fontelles, na busca por conter a dissemina\u00e7\u00e3o do COVID-19, est\u00e3o suspensas as atividades de exames pr\u00e1ticos de dire\u00e7\u00e3o veicular nas categorias \u201cA\u201d e \u201cB\u201d em todo Estado de Pernambuco. A suspens\u00e3o das atividades se dar\u00e1 por 15(quinze) dias a contar de hoje, podendo este prazo ser reavaliado pela Gest\u00e3o da Autarquia. Os processos de Primeira Habilita\u00e7\u00e3o, Adi\u00e7\u00e3o de Categoria e Classifica\u00e7\u00e3o a vencer neste per\u00edodo ser\u00e3o reabertos sem \u00f4nus para os usu\u00e1rios possibilitando ainda que seus novos processos abertos retornem a condi\u00e7\u00e3o em que se encontravam o processo anteriormente vencido. Al\u00e9m dessa medida, foram redobrados os cuidados necess\u00e1rios de preven\u00e7\u00e3o.<\/p>\n","protected":false},"excerpt":{"rendered":"<p>Por determina\u00e7\u00e3o do Diretor-Presidente do Detran-PE, Roberto Fontelles, na busca por conter a dissemina\u00e7\u00e3o do COVID-19, est\u00e3o suspensas as atividades&hellip;<\/p>\n","protected":false},"author":1,"featured_media":52983,"comment_status":"open","ping_status":"open","sticky":false,"template":"","format":"standard","meta":{"footnotes":""},"categories":[14120],"tags":[2,16881,17553],"class_list":["post-52979","post","type-post","status-publish","format-standard","has-post-thumbnail","hentry","category-noticias","tag-blog-do-edvaldo-magalhaes","tag-caruaru-e-regiao","tag-detran-de-pernambuco-suspende-atividades-de-exames-praticos-de-direcao-veicular"],"_links":{"self":[{"href":"https:\/\/blogdoedvaldomagalhaes.com.br\/index.php\/wp-json\/wp\/v2\/posts\/52979","targetHints":{"allow":["GET"]}}],"collection":[{"href":"https:\/\/blogdoedvaldomagalhaes.com.br\/index.php\/wp-json\/wp\/v2\/posts"}],"about":[{"href":"https:\/\/blogdoedvaldomagalhaes.com.br\/index.php\/wp-json\/wp\/v2\/types\/post"}],"author":[{"embeddable":true,"href":"https:\/\/blogdoedvaldomagalhaes.com.br\/index.php\/wp-json\/wp\/v2\/users\/1"}],"replies":[{"embeddable":true,"href":"https:\/\/blogdoedvaldomagalhaes.com.br\/index.php\/wp-json\/wp\/v2\/comments?post=52979"}],"version-history":[{"count":1,"href":"https:\/\/blogdoedvaldomagalhaes.com.br\/index.php\/wp-json\/wp\/v2\/posts\/52979\/revisions"}],"predecessor-version":[{"id":52982,"href":"https:\/\/blogdoedvaldomagalhaes.com.br\/index.php\/wp-json\/wp\/v2\/posts\/52979\/revisions\/52982"}],"wp:featuredmedia":[{"embeddable":true,"href":"https:\/\/blogdoedvaldomagalhaes.com.br\/index.php\/wp-json\/wp\/v2\/media\/52983"}],"wp:attachment":[{"href":"https:\/\/blogdoedvaldomagalhaes.com.br\/index.php\/wp-json\/wp\/v2\/media?parent=52979"}],"wp:term":[{"taxonomy":"category","embeddable":true,"href":"https:\/\/blogdoedvaldomagalhaes.com.br\/index.php\/wp-json\/wp\/v2\/categories?post=52979"},{"taxonomy":"post_tag","embeddable":true,"href":"https:\/\/blogdoedvaldomagalhaes.com.br\/index.php\/wp-json\/wp\/v2\/tags?post=52979"}],"curies":[{"name":"wp","href":"https:\/\/api.w.org\/{rel}","templated":true}]}}