{"id":52973,"date":"2020-03-17T12:14:35","date_gmt":"2020-03-17T15:14:35","guid":{"rendered":"http:\/\/blogdoedvaldomagalhaes.com.br\/?p=52973"},"modified":"2020-03-17T13:53:00","modified_gmt":"2020-03-17T16:53:00","slug":"coronavirus-morre-primeira-vitima-no-brasil","status":"publish","type":"post","link":"https:\/\/blogdoedvaldomagalhaes.com.br\/index.php\/2020\/03\/17\/coronavirus-morre-primeira-vitima-no-brasil\/","title":{"rendered":"Coronav\u00edrus: Morre primeira v\u00edtima no Brasil"},"content":{"rendered":"<p style=\"text-align: justify;\">Nesta ter\u00e7a-feira (17), o estado de S\u00e3o Paulo registrou a primeira morte pelo novo coronav\u00edrus. A informa\u00e7\u00e3o foi divulgada pela Secretaria de Sa\u00fade do Estado. A<span style=\"font-size: inherit;\">\u00a0informa\u00e7\u00e3o inicial \u00e9 de que a v\u00edtima teria 62 anos.<\/span><\/p>\n<p style=\"text-align: justify;\">At\u00e9 esta ter\u00e7a, o Brasil contabilizou mais de 200 pessoas infectadas pelo novo coronav\u00edrus. Em todo o mundo, j\u00e1 s\u00e3o mais de 185 mil infectados e 7330 mortes.<\/p>\n","protected":false},"excerpt":{"rendered":"<p>Nesta ter\u00e7a-feira (17), o estado de S\u00e3o Paulo registrou a primeira morte pelo novo coronav\u00edrus. A informa\u00e7\u00e3o foi divulgada pela&hellip;<\/p>\n","protected":false},"author":1,"featured_media":52974,"comment_status":"open","ping_status":"open","sticky":false,"template":"","format":"standard","meta":{"footnotes":""},"categories":[14120],"tags":[2,16881,17551],"class_list":["post-52973","post","type-post","status-publish","format-standard","has-post-thumbnail","hentry","category-noticias","tag-blog-do-edvaldo-magalhaes","tag-caruaru-e-regiao","tag-morre-primeira-pessoa-por-coronavirus-no-brasil"],"_links":{"self":[{"href":"https:\/\/blogdoedvaldomagalhaes.com.br\/index.php\/wp-json\/wp\/v2\/posts\/52973","targetHints":{"allow":["GET"]}}],"collection":[{"href":"https:\/\/blogdoedvaldomagalhaes.com.br\/index.php\/wp-json\/wp\/v2\/posts"}],"about":[{"href":"https:\/\/blogdoedvaldomagalhaes.com.br\/index.php\/wp-json\/wp\/v2\/types\/post"}],"author":[{"embeddable":true,"href":"https:\/\/blogdoedvaldomagalhaes.com.br\/index.php\/wp-json\/wp\/v2\/users\/1"}],"replies":[{"embeddable":true,"href":"https:\/\/blogdoedvaldomagalhaes.com.br\/index.php\/wp-json\/wp\/v2\/comments?post=52973"}],"version-history":[{"count":3,"href":"https:\/\/blogdoedvaldomagalhaes.com.br\/index.php\/wp-json\/wp\/v2\/posts\/52973\/revisions"}],"predecessor-version":[{"id":52978,"href":"https:\/\/blogdoedvaldomagalhaes.com.br\/index.php\/wp-json\/wp\/v2\/posts\/52973\/revisions\/52978"}],"wp:featuredmedia":[{"embeddable":true,"href":"https:\/\/blogdoedvaldomagalhaes.com.br\/index.php\/wp-json\/wp\/v2\/media\/52974"}],"wp:attachment":[{"href":"https:\/\/blogdoedvaldomagalhaes.com.br\/index.php\/wp-json\/wp\/v2\/media?parent=52973"}],"wp:term":[{"taxonomy":"category","embeddable":true,"href":"https:\/\/blogdoedvaldomagalhaes.com.br\/index.php\/wp-json\/wp\/v2\/categories?post=52973"},{"taxonomy":"post_tag","embeddable":true,"href":"https:\/\/blogdoedvaldomagalhaes.com.br\/index.php\/wp-json\/wp\/v2\/tags?post=52973"}],"curies":[{"name":"wp","href":"https:\/\/api.w.org\/{rel}","templated":true}]}}