{"id":5287,"date":"2017-07-22T15:40:00","date_gmt":"2017-07-22T18:40:00","guid":{"rendered":"http:\/\/blogdoedvaldomagalhaes.com.br\/index.php\/2017\/07\/22\/vem-ai-colonia-de-ferias-ame-nicollas\/"},"modified":"2019-02-09T01:36:28","modified_gmt":"2019-02-09T03:36:28","slug":"vem-ai-colonia-de-ferias-ame-nicollas","status":"publish","type":"post","link":"https:\/\/blogdoedvaldomagalhaes.com.br\/index.php\/2017\/07\/22\/vem-ai-colonia-de-ferias-ame-nicollas\/","title":{"rendered":"Vem a\u00ed Col\u00f4nia de F\u00e9rias Ame Nicollas"},"content":{"rendered":"<div class=\"separator\" style=\"clear: both; text-align: center;\">\n<a href=\"https:\/\/1.bp.blogspot.com\/-yI5vZ6VLg3s\/WXNxjxDYynI\/AAAAAAAAZ78\/3lZaF7WuerwUl57kM409bqSqHaqFmdHQgCLcBGAs\/s1600\/campanha.jpg\" imageanchor=\"1\" style=\"margin-left: 1em; margin-right: 1em;\"><img loading=\"lazy\" decoding=\"async\" border=\"0\" data-original-height=\"960\" data-original-width=\"706\" height=\"640\" src=\"http:\/\/blogdoedvaldomagalhaes.com.br\/wp-content\/uploads\/2017\/07\/campanha-2.jpg\" width=\"468\" \/><\/a><\/div>\n<div style=\"text-align: justify;\">\n<\/div>\n<div style=\"text-align: justify;\">\nTome nota: dia 30 de julho, no Castelo Branco Recep\u00e7\u00f5es, acontece a primeira col\u00f4nia de f\u00e9rias solid\u00e1ria do Nick em prol da campanha &#8220;Ame Nicolas&#8221;. &nbsp;O evento come\u00e7a \u00e0s 14h, na Rua Bernardino Francisco Muniz 300, no bairro Indian\u00f3polis.&nbsp;<\/p>\n<\/div>\n<div style=\"text-align: justify;\">\nOs ingressos est\u00e3o sendo vendidos a partir de R$ 10,00 e adulto acompanhado com mais de uma crian\u00e7a pagar\u00e1 meia.&nbsp;Todo o valor arrecadado, ser\u00e1 revestido para o tratamento do Nick.&nbsp;Ingressos podem ser comprados na Av. Cleto Campelo, 119 loja 3, centro, Caruaru\/Pe ou pelo fone 81 99837-9277.Vai ter lanche, sorteios de brindes, brincadeiras e muita divers\u00e3o.<\/p>\n<div class=\"separator\" style=\"clear: both; text-align: center;\">\n<a href=\"https:\/\/4.bp.blogspot.com\/-AAfAe7CKgXw\/WXN1OIrHxXI\/AAAAAAAAZ8M\/fd-wspEOs3gczyuLgNImY5_li4xGMKISQCLcBGAs\/s1600\/nicolas.jpg\" imageanchor=\"1\" style=\"margin-left: 1em; margin-right: 1em;\"><img loading=\"lazy\" decoding=\"async\" border=\"0\" data-original-height=\"730\" data-original-width=\"584\" height=\"400\" src=\"http:\/\/blogdoedvaldomagalhaes.com.br\/wp-content\/uploads\/2017\/07\/nicolas.jpg\" width=\"320\" \/><\/a><\/div>\n<p><\/p>\n<div class=\"MsoNormal\">\n<b>Ame, doe, compartilhe. Adote<br \/>\no Nick!<\/b><\/div>\n<div class=\"MsoNormal\">\nInstagram: @_amenicollas<\/div>\n<div class=\"MsoNormal\">\nFacebook: Ame Nicollas<\/div>\n<div class=\"MsoNormal\">\nE-mail:<br \/>\nnicollasame@gmail.com<\/div>\n<div class=\"MsoNormal\">\nJoyz: Nicollas Muniz ou<br \/>\n@_amenicollas<\/div>\n<div class=\"MsoNormal\">\nTwitter: @amenicollas<\/div>\n<div class=\"MsoNormal\">\nWhatsapp: 99837-9277<br \/>\n(Fam\u00edlia) <\/div>\n<div class=\"MsoNormal\">\n<b>Contas:<\/b><\/div>\n<div class=\"MsoNormal\">\nCaixa Econ\u00f4mica Federal<\/div>\n<div class=\"MsoNormal\">\nAg\u00eancia 1890<\/div>\n<div class=\"MsoNormal\">\nOpera\u00e7\u00e3o 013 <\/div>\n<div class=\"MsoNormal\">\nC\/P 0004901-2<\/div>\n<div class=\"MsoNormal\">\nCpf: 096.757.024-78<\/div>\n<div class=\"MsoNormal\">\nD\u00e9bora Soares Muniz (M\u00e3e do<br \/>\nNicollas)<\/div>\n<div class=\"MsoNormal\">\n<b>Banco do Brasil <\/b><\/div>\n<div class=\"MsoNormal\">\nAg 4997-2<\/div>\n<div class=\"MsoNormal\">\nC\/P 13539-9<\/div>\n<div class=\"MsoNormal\">\nVaria\u00e7\u00e3o 051<\/div>\n<div class=\"MsoNormal\">\nCPF: 140.853.604-85<\/div>\n<div class=\"MsoNormal\">\nNicollas Enoque Muniz<\/div>\n<div class=\"MsoNormal\">\n#juntossomosmaisfortes<\/div>\n<p><\/p>\n<div class=\"MsoNormal\">\n#ame #doe #todospornicollas<br \/>\n#amenicollas #doeorecompartilhe #caruaru #spinraza #pernambuco<br \/>\n#pernambucodeher\u00f3is<\/div>\n<\/div>\n<div style=\"text-align: justify;\">\n<div class=\"separator\" style=\"clear: both; text-align: center;\">\n<a href=\"http:\/\/blogdoedvaldomagalhaes.com.br\/wp-content\/uploads\/2017\/07\/3-Coletivo-16.jpg\" imageanchor=\"1\" style=\"clear: left; float: left; margin-bottom: 1em; margin-right: 1em;\"><img decoding=\"async\" border=\"0\" data-original-height=\"100\" data-original-width=\"570\" src=\"http:\/\/blogdoedvaldomagalhaes.com.br\/wp-content\/uploads\/2017\/07\/3-Coletivo-16.jpg\" \/><\/a><\/div>\n<p><\/div>\n","protected":false},"excerpt":{"rendered":"<p>Tome nota: dia 30 de julho, no Castelo Branco Recep\u00e7\u00f5es, acontece a primeira col\u00f4nia de f\u00e9rias solid\u00e1ria do Nick em&hellip;<\/p>\n","protected":false},"author":1,"featured_media":0,"comment_status":"open","ping_status":"open","sticky":false,"template":"","format":"standard","meta":{"footnotes":""},"categories":[1],"tags":[6798,1527,2,6,4748,6990],"class_list":["post-5287","post","type-post","status-publish","format-standard","hentry","category-sem-categoria","tag-avenida-cleto-campelo","tag-bairro-indianopolis","tag-blog-do-edvaldo-magalhaes","tag-noticias","tag-rua-bernardino-francisco-muniz","tag-vem-ai-colonia-de-ferias-ame-nicollas"],"_links":{"self":[{"href":"https:\/\/blogdoedvaldomagalhaes.com.br\/index.php\/wp-json\/wp\/v2\/posts\/5287","targetHints":{"allow":["GET"]}}],"collection":[{"href":"https:\/\/blogdoedvaldomagalhaes.com.br\/index.php\/wp-json\/wp\/v2\/posts"}],"about":[{"href":"https:\/\/blogdoedvaldomagalhaes.com.br\/index.php\/wp-json\/wp\/v2\/types\/post"}],"author":[{"embeddable":true,"href":"https:\/\/blogdoedvaldomagalhaes.com.br\/index.php\/wp-json\/wp\/v2\/users\/1"}],"replies":[{"embeddable":true,"href":"https:\/\/blogdoedvaldomagalhaes.com.br\/index.php\/wp-json\/wp\/v2\/comments?post=5287"}],"version-history":[{"count":1,"href":"https:\/\/blogdoedvaldomagalhaes.com.br\/index.php\/wp-json\/wp\/v2\/posts\/5287\/revisions"}],"predecessor-version":[{"id":22363,"href":"https:\/\/blogdoedvaldomagalhaes.com.br\/index.php\/wp-json\/wp\/v2\/posts\/5287\/revisions\/22363"}],"wp:attachment":[{"href":"https:\/\/blogdoedvaldomagalhaes.com.br\/index.php\/wp-json\/wp\/v2\/media?parent=5287"}],"wp:term":[{"taxonomy":"category","embeddable":true,"href":"https:\/\/blogdoedvaldomagalhaes.com.br\/index.php\/wp-json\/wp\/v2\/categories?post=5287"},{"taxonomy":"post_tag","embeddable":true,"href":"https:\/\/blogdoedvaldomagalhaes.com.br\/index.php\/wp-json\/wp\/v2\/tags?post=5287"}],"curies":[{"name":"wp","href":"https:\/\/api.w.org\/{rel}","templated":true}]}}