{"id":52745,"date":"2020-03-12T09:19:33","date_gmt":"2020-03-12T12:19:33","guid":{"rendered":"http:\/\/blogdoedvaldomagalhaes.com.br\/?p=52745"},"modified":"2020-03-12T09:19:36","modified_gmt":"2020-03-12T12:19:36","slug":"perseguicao-policial-termina-em-troca-de-tiros-em-caruaru","status":"publish","type":"post","link":"https:\/\/blogdoedvaldomagalhaes.com.br\/index.php\/2020\/03\/12\/perseguicao-policial-termina-em-troca-de-tiros-em-caruaru\/","title":{"rendered":"Persegui\u00e7\u00e3o policial termina em troca de tiros em Caruaru"},"content":{"rendered":"<p style=\"text-align: justify;\">Indiv\u00edduos trocaram tiros com a Pol\u00edcia Militar durante persegui\u00e7\u00e3o que come\u00e7ou em Agrestina e terminou em Caruaru, no final da noite desta quarta-feira (11). Os suspeitos seguiram pela BR-104 e entraram na PE-95.<\/p>\n<p style=\"text-align: justify;\">No bairro Maur\u00edcio de Nassau, os policiais conseguiram prender tr\u00eas suspeitos. Dois deles foram baleados e socorridos pelo Samu. O ve\u00edculo utilizado pelos bandidos tinha sido tomado de assalto em Agrestina.<\/p>\n","protected":false},"excerpt":{"rendered":"<p>Indiv\u00edduos trocaram tiros com a Pol\u00edcia Militar durante persegui\u00e7\u00e3o que come\u00e7ou em Agrestina e terminou em Caruaru, no final da&hellip;<\/p>\n","protected":false},"author":1,"featured_media":52746,"comment_status":"open","ping_status":"open","sticky":false,"template":"","format":"standard","meta":{"footnotes":""},"categories":[14121],"tags":[2,16881,17496],"class_list":["post-52745","post","type-post","status-publish","format-standard","has-post-thumbnail","hentry","category-policial","tag-blog-do-edvaldo-magalhaes","tag-caruaru-e-regiao","tag-perseguicao-policial-termina-em-troca-de-tiros-em-caruaru"],"_links":{"self":[{"href":"https:\/\/blogdoedvaldomagalhaes.com.br\/index.php\/wp-json\/wp\/v2\/posts\/52745","targetHints":{"allow":["GET"]}}],"collection":[{"href":"https:\/\/blogdoedvaldomagalhaes.com.br\/index.php\/wp-json\/wp\/v2\/posts"}],"about":[{"href":"https:\/\/blogdoedvaldomagalhaes.com.br\/index.php\/wp-json\/wp\/v2\/types\/post"}],"author":[{"embeddable":true,"href":"https:\/\/blogdoedvaldomagalhaes.com.br\/index.php\/wp-json\/wp\/v2\/users\/1"}],"replies":[{"embeddable":true,"href":"https:\/\/blogdoedvaldomagalhaes.com.br\/index.php\/wp-json\/wp\/v2\/comments?post=52745"}],"version-history":[{"count":1,"href":"https:\/\/blogdoedvaldomagalhaes.com.br\/index.php\/wp-json\/wp\/v2\/posts\/52745\/revisions"}],"predecessor-version":[{"id":52747,"href":"https:\/\/blogdoedvaldomagalhaes.com.br\/index.php\/wp-json\/wp\/v2\/posts\/52745\/revisions\/52747"}],"wp:featuredmedia":[{"embeddable":true,"href":"https:\/\/blogdoedvaldomagalhaes.com.br\/index.php\/wp-json\/wp\/v2\/media\/52746"}],"wp:attachment":[{"href":"https:\/\/blogdoedvaldomagalhaes.com.br\/index.php\/wp-json\/wp\/v2\/media?parent=52745"}],"wp:term":[{"taxonomy":"category","embeddable":true,"href":"https:\/\/blogdoedvaldomagalhaes.com.br\/index.php\/wp-json\/wp\/v2\/categories?post=52745"},{"taxonomy":"post_tag","embeddable":true,"href":"https:\/\/blogdoedvaldomagalhaes.com.br\/index.php\/wp-json\/wp\/v2\/tags?post=52745"}],"curies":[{"name":"wp","href":"https:\/\/api.w.org\/{rel}","templated":true}]}}