{"id":52742,"date":"2020-03-11T22:47:46","date_gmt":"2020-03-12T01:47:46","guid":{"rendered":"http:\/\/blogdoedvaldomagalhaes.com.br\/?p=52742"},"modified":"2020-03-11T22:47:52","modified_gmt":"2020-03-12T01:47:52","slug":"exposicao-ludugero-e-otrope-alegria-eterna-da-cultura-brasileira-nesta-sexta-feira-13","status":"publish","type":"post","link":"https:\/\/blogdoedvaldomagalhaes.com.br\/index.php\/2020\/03\/11\/exposicao-ludugero-e-otrope-alegria-eterna-da-cultura-brasileira-nesta-sexta-feira-13\/","title":{"rendered":"Exposi\u00e7\u00e3o \u201cLudugero e Otr\u00f3pe: alegria eterna da cultura brasileira\u201d nesta sexta-feira (13)"},"content":{"rendered":"<p style=\"text-align: justify;\"><span style=\"font-size: inherit;\">A Funda\u00e7\u00e3o de Cultura e Turismo, realiza, nesta sexta-feira (13), a abertura oficial da exposi\u00e7\u00e3o \u201cLudugero e Otr\u00f3pe: alegria eterna da cultura brasileira\u201d. O evento ser\u00e1 realizado, \u00e0s 19h, no Museu do Barro de Caruaru, e oferecer\u00e1 ao p\u00fablico uma programa\u00e7\u00e3o especial em homenagem aos 50 anos de saudades da dupla de humoristas que faziam os personagens Coronel Ludugero e Otr\u00f3pe.<\/span><\/p>\n<p style=\"text-align: justify;\">O coronel Ludugero foi um personagem que retratava, de forma humor\u00edstica, a figura dos coron\u00e9is de antigamente. Ele foi criado na d\u00e9cada de 60 pelo radialista Lu\u00eds Queiroga e era interpretado por Luiz Jacinto Silva, que dava vida a um homem simples, sincero e contador de hist\u00f3rias. J\u00e1 Otr\u00f3pe era o fiel escudeiro e secret\u00e1rio de Ludugero. Quem interpretava esse personagem era o humorista Irandir Peres Costa.<\/p>\n<p style=\"text-align: justify;\">A programa\u00e7\u00e3o come\u00e7a com o ator Nelson Lima, que vai interpretar Luiz Queiroga declamando um cordel sobre a vida do Coronel Ludugero. Ap\u00f3s isso, ter\u00e1 a abertura oficial da exposi\u00e7\u00e3o com o presidente da FCTC, Rubens Junior, no audit\u00f3rio do Museu do barro, \u00e0s 19h30. No local, haver\u00e1, tamb\u00e9m, a presen\u00e7a do palestrante convidado Luciano Jacinto, irm\u00e3o de Luiz, que ir\u00e1 falar sobre a vida e obra do Coronel Ludugero.<\/p>\n<p style=\"text-align: justify;\">Ap\u00f3s a palestra, o gerente de Pol\u00edticas Culturais da FCTC, H\u00e9rlon Cavalcanti, ir\u00e1 mediar um debate sobre a homenagem com o p\u00fablico presente. Para finalizar, uma esquete teatral ser\u00e1 apresentada com a dupla de humoristas Coronel Corn\u00e9lio e Carmozina.<\/p>\n","protected":false},"excerpt":{"rendered":"<p>A Funda\u00e7\u00e3o de Cultura e Turismo, realiza, nesta sexta-feira (13), a abertura oficial da exposi\u00e7\u00e3o \u201cLudugero e Otr\u00f3pe: alegria eterna&hellip;<\/p>\n","protected":false},"author":1,"featured_media":52743,"comment_status":"open","ping_status":"open","sticky":false,"template":"","format":"standard","meta":{"footnotes":""},"categories":[14120],"tags":[2,16881,17495],"class_list":["post-52742","post","type-post","status-publish","format-standard","has-post-thumbnail","hentry","category-noticias","tag-blog-do-edvaldo-magalhaes","tag-caruaru-e-regiao","tag-exposicao-ludugero-e-otrope-alegria-eterna-da-cultura-brasileira-nesta-sexta-feira-13"],"_links":{"self":[{"href":"https:\/\/blogdoedvaldomagalhaes.com.br\/index.php\/wp-json\/wp\/v2\/posts\/52742","targetHints":{"allow":["GET"]}}],"collection":[{"href":"https:\/\/blogdoedvaldomagalhaes.com.br\/index.php\/wp-json\/wp\/v2\/posts"}],"about":[{"href":"https:\/\/blogdoedvaldomagalhaes.com.br\/index.php\/wp-json\/wp\/v2\/types\/post"}],"author":[{"embeddable":true,"href":"https:\/\/blogdoedvaldomagalhaes.com.br\/index.php\/wp-json\/wp\/v2\/users\/1"}],"replies":[{"embeddable":true,"href":"https:\/\/blogdoedvaldomagalhaes.com.br\/index.php\/wp-json\/wp\/v2\/comments?post=52742"}],"version-history":[{"count":1,"href":"https:\/\/blogdoedvaldomagalhaes.com.br\/index.php\/wp-json\/wp\/v2\/posts\/52742\/revisions"}],"predecessor-version":[{"id":52744,"href":"https:\/\/blogdoedvaldomagalhaes.com.br\/index.php\/wp-json\/wp\/v2\/posts\/52742\/revisions\/52744"}],"wp:featuredmedia":[{"embeddable":true,"href":"https:\/\/blogdoedvaldomagalhaes.com.br\/index.php\/wp-json\/wp\/v2\/media\/52743"}],"wp:attachment":[{"href":"https:\/\/blogdoedvaldomagalhaes.com.br\/index.php\/wp-json\/wp\/v2\/media?parent=52742"}],"wp:term":[{"taxonomy":"category","embeddable":true,"href":"https:\/\/blogdoedvaldomagalhaes.com.br\/index.php\/wp-json\/wp\/v2\/categories?post=52742"},{"taxonomy":"post_tag","embeddable":true,"href":"https:\/\/blogdoedvaldomagalhaes.com.br\/index.php\/wp-json\/wp\/v2\/tags?post=52742"}],"curies":[{"name":"wp","href":"https:\/\/api.w.org\/{rel}","templated":true}]}}