{"id":52736,"date":"2020-03-11T22:31:40","date_gmt":"2020-03-12T01:31:40","guid":{"rendered":"http:\/\/blogdoedvaldomagalhaes.com.br\/?p=52736"},"modified":"2020-03-11T22:31:43","modified_gmt":"2020-03-12T01:31:43","slug":"reuniao-do-conselho-estadual-de-politica-cultural-de-pernambuco-foi-realizada-pela-primeira-vez-em-caruaru","status":"publish","type":"post","link":"https:\/\/blogdoedvaldomagalhaes.com.br\/index.php\/2020\/03\/11\/reuniao-do-conselho-estadual-de-politica-cultural-de-pernambuco-foi-realizada-pela-primeira-vez-em-caruaru\/","title":{"rendered":"Reuni\u00e3o do Conselho Estadual de Pol\u00edtica Cultural de Pernambuco foi realizada pela primeira vez em Caruaru"},"content":{"rendered":"<p style=\"text-align: justify;\"><span style=\"font-size: inherit;\">O Conselho Estadual de Pol\u00edtica Cultural de Pernambuco (CEPC-PE) promoveu, nesta quarta-feira (11), a primeira reuni\u00e3o ordin\u00e1ria com pautas culturais realizada em Caruaru. O encontro, que ocorreu no Museu do Barro, foi uma parceria com o Conselho Municipal de Pol\u00edtica Cultural de Caruaru (CMPCC), e contou com o apoio da Prefeitura de Caruaru, por meio da Funda\u00e7\u00e3o de Cultura e Turismo (FCTC).<\/span><\/p>\n<p style=\"text-align: justify;\">Na oportunidade, foram tratadas pautas de interesse cultural: os avan\u00e7os e implanta\u00e7\u00e3o da pol\u00edtica cultural em Caruaru; audiovisual no Agreste e situa\u00e7\u00e3o e produ\u00e7\u00e3o local da Empresa Pernambucana de Comunica\u00e7\u00e3o\/ TVPE; esclarecimento sobre a indica\u00e7\u00e3o da sociedade civil na comiss\u00e3o deliberativa do FUNCULTURA; aprova\u00e7\u00e3o do parecer t\u00e9cnico da convocat\u00f3ria de ocupa\u00e7\u00e3o de pautas do teatro arraial; entre outras coisas.<\/p>\n<p style=\"text-align: justify;\">A reuni\u00e3o contou com diversos debates entre o p\u00fablico sobre a cultura municipal e estadual, al\u00e9m da presen\u00e7a de v\u00e1rios artistas da cidade.<\/p>\n\n\n<figure class=\"wp-block-image size-large\"><img loading=\"lazy\" decoding=\"async\" width=\"1024\" height=\"682\" src=\"http:\/\/blogdoedvaldomagalhaes.com.br\/wp-content\/uploads\/2020\/03\/IMG-20200311-WA0147-1024x682.jpg\" alt=\"\" class=\"wp-image-52738\" srcset=\"https:\/\/blogdoedvaldomagalhaes.com.br\/wp-content\/uploads\/2020\/03\/IMG-20200311-WA0147-1024x682.jpg 1024w, https:\/\/blogdoedvaldomagalhaes.com.br\/wp-content\/uploads\/2020\/03\/IMG-20200311-WA0147-300x200.jpg 300w, https:\/\/blogdoedvaldomagalhaes.com.br\/wp-content\/uploads\/2020\/03\/IMG-20200311-WA0147-768x512.jpg 768w, https:\/\/blogdoedvaldomagalhaes.com.br\/wp-content\/uploads\/2020\/03\/IMG-20200311-WA0147.jpg 1280w\" sizes=\"auto, (max-width: 1024px) 100vw, 1024px\" \/><\/figure>\n\n\n\n<figure class=\"wp-block-image size-large\"><img loading=\"lazy\" decoding=\"async\" width=\"1024\" height=\"682\" src=\"http:\/\/blogdoedvaldomagalhaes.com.br\/wp-content\/uploads\/2020\/03\/IMG-20200311-WA0148-1024x682.jpg\" alt=\"\" class=\"wp-image-52739\" srcset=\"https:\/\/blogdoedvaldomagalhaes.com.br\/wp-content\/uploads\/2020\/03\/IMG-20200311-WA0148-1024x682.jpg 1024w, https:\/\/blogdoedvaldomagalhaes.com.br\/wp-content\/uploads\/2020\/03\/IMG-20200311-WA0148-300x200.jpg 300w, https:\/\/blogdoedvaldomagalhaes.com.br\/wp-content\/uploads\/2020\/03\/IMG-20200311-WA0148-768x512.jpg 768w, https:\/\/blogdoedvaldomagalhaes.com.br\/wp-content\/uploads\/2020\/03\/IMG-20200311-WA0148.jpg 1280w\" sizes=\"auto, (max-width: 1024px) 100vw, 1024px\" \/><\/figure>\n\n\n\n<figure class=\"wp-block-image size-large\"><img loading=\"lazy\" decoding=\"async\" width=\"1024\" height=\"682\" src=\"http:\/\/blogdoedvaldomagalhaes.com.br\/wp-content\/uploads\/2020\/03\/IMG-20200311-WA0145-1024x682.jpg\" alt=\"\" class=\"wp-image-52740\" srcset=\"https:\/\/blogdoedvaldomagalhaes.com.br\/wp-content\/uploads\/2020\/03\/IMG-20200311-WA0145-1024x682.jpg 1024w, https:\/\/blogdoedvaldomagalhaes.com.br\/wp-content\/uploads\/2020\/03\/IMG-20200311-WA0145-300x200.jpg 300w, https:\/\/blogdoedvaldomagalhaes.com.br\/wp-content\/uploads\/2020\/03\/IMG-20200311-WA0145-768x512.jpg 768w, https:\/\/blogdoedvaldomagalhaes.com.br\/wp-content\/uploads\/2020\/03\/IMG-20200311-WA0145.jpg 1280w\" sizes=\"auto, (max-width: 1024px) 100vw, 1024px\" \/><figcaption>Cr\u00e9ditos: Arnaldo F\u00e9lix<\/figcaption><\/figure>\n","protected":false},"excerpt":{"rendered":"<p>O Conselho Estadual de Pol\u00edtica Cultural de Pernambuco (CEPC-PE) promoveu, nesta quarta-feira (11), a primeira reuni\u00e3o ordin\u00e1ria com pautas culturais&hellip;<\/p>\n","protected":false},"author":1,"featured_media":52737,"comment_status":"open","ping_status":"open","sticky":false,"template":"","format":"standard","meta":{"footnotes":""},"categories":[14120],"tags":[2,16881,17494],"class_list":["post-52736","post","type-post","status-publish","format-standard","has-post-thumbnail","hentry","category-noticias","tag-blog-do-edvaldo-magalhaes","tag-caruaru-e-regiao","tag-reuniao-do-conselho-estadual-de-politica-cultural-de-pernambuco-foi-realizada-pela-primeira-vez-em-caruaru"],"_links":{"self":[{"href":"https:\/\/blogdoedvaldomagalhaes.com.br\/index.php\/wp-json\/wp\/v2\/posts\/52736","targetHints":{"allow":["GET"]}}],"collection":[{"href":"https:\/\/blogdoedvaldomagalhaes.com.br\/index.php\/wp-json\/wp\/v2\/posts"}],"about":[{"href":"https:\/\/blogdoedvaldomagalhaes.com.br\/index.php\/wp-json\/wp\/v2\/types\/post"}],"author":[{"embeddable":true,"href":"https:\/\/blogdoedvaldomagalhaes.com.br\/index.php\/wp-json\/wp\/v2\/users\/1"}],"replies":[{"embeddable":true,"href":"https:\/\/blogdoedvaldomagalhaes.com.br\/index.php\/wp-json\/wp\/v2\/comments?post=52736"}],"version-history":[{"count":1,"href":"https:\/\/blogdoedvaldomagalhaes.com.br\/index.php\/wp-json\/wp\/v2\/posts\/52736\/revisions"}],"predecessor-version":[{"id":52741,"href":"https:\/\/blogdoedvaldomagalhaes.com.br\/index.php\/wp-json\/wp\/v2\/posts\/52736\/revisions\/52741"}],"wp:featuredmedia":[{"embeddable":true,"href":"https:\/\/blogdoedvaldomagalhaes.com.br\/index.php\/wp-json\/wp\/v2\/media\/52737"}],"wp:attachment":[{"href":"https:\/\/blogdoedvaldomagalhaes.com.br\/index.php\/wp-json\/wp\/v2\/media?parent=52736"}],"wp:term":[{"taxonomy":"category","embeddable":true,"href":"https:\/\/blogdoedvaldomagalhaes.com.br\/index.php\/wp-json\/wp\/v2\/categories?post=52736"},{"taxonomy":"post_tag","embeddable":true,"href":"https:\/\/blogdoedvaldomagalhaes.com.br\/index.php\/wp-json\/wp\/v2\/tags?post=52736"}],"curies":[{"name":"wp","href":"https:\/\/api.w.org\/{rel}","templated":true}]}}