{"id":52730,"date":"2020-03-11T19:35:16","date_gmt":"2020-03-11T22:35:16","guid":{"rendered":"http:\/\/blogdoedvaldomagalhaes.com.br\/?p=52730"},"modified":"2020-03-11T19:35:20","modified_gmt":"2020-03-11T22:35:20","slug":"psdb-faz-historia-na-politica-de-caruaru-filiando-16-vereadores","status":"publish","type":"post","link":"https:\/\/blogdoedvaldomagalhaes.com.br\/index.php\/2020\/03\/11\/psdb-faz-historia-na-politica-de-caruaru-filiando-16-vereadores\/","title":{"rendered":"PSDB faz hist\u00f3ria na pol\u00edtica de Caruaru filiando 16 vereadores"},"content":{"rendered":"<p style=\"text-align: justify;\">A cidade de Caruaru foi palco de um fato pol\u00edtico hist\u00f3rico nesta quarta-feira (11). No audit\u00f3rio do Citi Hotel Premium, o Partido da Social Democracia Brasileira (PSDB) reuniu pol\u00edticos e lideran\u00e7as para o ato de filia\u00e7\u00e3o dos vereadores que devem disputar a reelei\u00e7\u00e3o pela legenda. Ao todo, 16 vereadores se filiaram \u00e0 legenda, que j\u00e1 tinha Lula Torres, Presidente da C\u00e2mara, no partido. Estiveram presentes a presidente estadual do PSDB, deputada Alessandra Vieira, a prefeita de Caruaru, Raquel Lyra, e o ex-governador Jo\u00e3o Lyra Neto,<\/p>\n<p style=\"text-align: justify;\">\u201cCaruaru \u00e9 terra de gente trabalhadora, que sabe o que quer\u201d, diz a presidente estadual do PSDB, deputada Alessandra Vieira. \u201cHoje o Movimento 45 chega em Caruaru para receber os novos filiados. E o nosso partido vive ao lado do povo, ouvindo o som das ruas. As ruas conhecem os vereadores que hoje se filiam ao PSDB. Sabem sua hist\u00f3ria e sua luta\u201d, completa.<\/p>\n<p style=\"text-align: justify;\">Para a prefeita de Caruaru Raquel Lyra, o ato de filia\u00e7\u00e3o pode ser considerado como um dia hist\u00f3rico na cidade. Raquel refor\u00e7ou que a uni\u00e3o de for\u00e7as traz ainda mais resultados positivos para o munic\u00edpio e para toda a popula\u00e7\u00e3o, seja da zona urbana ou rural. \u201cEsse ato \u00e9 muito representativo, pois conseguimos construir uma rela\u00e7\u00e3o de confian\u00e7a e colabora\u00e7\u00e3o, mostrando que os interesses da popula\u00e7\u00e3o sempre ser\u00e3o o principal prop\u00f3sito\u201d, afirma. A partir de agora, a C\u00e2mara Municipal de Caruaru conta com dois ter\u00e7os dos vereadores de um \u00fanico partido.<\/p>\n<p style=\"text-align: justify;\">O ex-governador Jo\u00e3o Lyra Neto, presente no encontro, ressaltou a import\u00e2ncia da uni\u00e3o de for\u00e7as em torno da causa: cuidar de Caruaru. Lyra comentou o cen\u00e1rio econ\u00f4mico e pol\u00edtico brasileiro, parabenizando a decis\u00e3o dos vereadores em integrar ao PSDB. \u201cOs vereadores que fazem parte do legislativo caruaruense desde 2017, passaram por momentos de muitas dificuldades. Este ato que n\u00f3s vivenciamos agora, apesar das grandes adversidades que estamos vivendo, \u00e9 um ato de muita coragem, sabedoria e compet\u00eancia. Dessa forma, os vereadores est\u00e3o honrando as suas rela\u00e7\u00f5es com o povo de Caruaru. Este \u00e9 o maior ato de filia\u00e7\u00e3o do PSDB em Pernambuco, que mostra a import\u00e2ncia pol\u00edtica de Caruaru, n\u00e3o s\u00f3 para a regi\u00e3o, mas para o Brasil\u201d, comemora.<\/p>\n<p style=\"text-align: justify;\">O vereador Bruno Lambreta, l\u00edder do atual governo na C\u00e2mara, destacou este momento hist\u00f3rico para a cidade. \u201c\u00c9 uma grande responsabilidade assumir a lideran\u00e7a na C\u00e2mara e sem esse grupo que est\u00e1 aqui hoje, nada disso seria poss\u00edvel. Esse novo caminho que vamos seguir a partir de agora vai ajudar a fortalecer o nosso povo, e mostrar a for\u00e7a que o partido tem, n\u00e3o s\u00f3 aqui em Caruaru, mas no Brasil. Torcemos para que os pr\u00f3ximos quatro anos sejam ainda mais de crescimento na nossa cidade\u201d, ressaltou o vereador.<\/p>\n<p style=\"text-align: justify;\">Confira a lista de vereadores que se filiaram ao PSDB:<\/p>\n<p style=\"text-align: justify;\">Bruno Lambreta <br \/>Leonardo Chaves<br \/>Ranilson Enfermeiro <br \/>Italo Henrique <br \/>Alisson da Farm\u00e1cia <br \/>Zez\u00e9 Parteira<br \/>Ricardo Liberato <br \/>Rozael do Divin\u00f3polis<br \/>Edjailson da Caru Forr\u00f3 <br \/>Heleno Oscar <br \/>Tafarel F\u00e9lix<br \/>Edmilson do Salgado <br \/>Moyses Santos <br \/>Duda do Vassoural<br \/>Andrey Gouveia <br \/>Pierson Leite<\/p>\n\n\n<figure class=\"wp-block-image size-large\"><img loading=\"lazy\" decoding=\"async\" width=\"1024\" height=\"682\" src=\"http:\/\/blogdoedvaldomagalhaes.com.br\/wp-content\/uploads\/2020\/03\/IMG-20200311-WA0185-1024x682.jpg\" alt=\"\" class=\"wp-image-52732\" srcset=\"https:\/\/blogdoedvaldomagalhaes.com.br\/wp-content\/uploads\/2020\/03\/IMG-20200311-WA0185-1024x682.jpg 1024w, https:\/\/blogdoedvaldomagalhaes.com.br\/wp-content\/uploads\/2020\/03\/IMG-20200311-WA0185-300x200.jpg 300w, https:\/\/blogdoedvaldomagalhaes.com.br\/wp-content\/uploads\/2020\/03\/IMG-20200311-WA0185-768x512.jpg 768w, https:\/\/blogdoedvaldomagalhaes.com.br\/wp-content\/uploads\/2020\/03\/IMG-20200311-WA0185.jpg 1280w\" sizes=\"auto, (max-width: 1024px) 100vw, 1024px\" \/><\/figure>\n\n\n\n<figure class=\"wp-block-image size-large\"><img loading=\"lazy\" decoding=\"async\" width=\"1024\" height=\"682\" src=\"http:\/\/blogdoedvaldomagalhaes.com.br\/wp-content\/uploads\/2020\/03\/IMG-20200311-WA0180-1024x682.jpg\" alt=\"\" class=\"wp-image-52733\" srcset=\"https:\/\/blogdoedvaldomagalhaes.com.br\/wp-content\/uploads\/2020\/03\/IMG-20200311-WA0180-1024x682.jpg 1024w, https:\/\/blogdoedvaldomagalhaes.com.br\/wp-content\/uploads\/2020\/03\/IMG-20200311-WA0180-300x200.jpg 300w, https:\/\/blogdoedvaldomagalhaes.com.br\/wp-content\/uploads\/2020\/03\/IMG-20200311-WA0180-768x512.jpg 768w, https:\/\/blogdoedvaldomagalhaes.com.br\/wp-content\/uploads\/2020\/03\/IMG-20200311-WA0180.jpg 1280w\" sizes=\"auto, (max-width: 1024px) 100vw, 1024px\" \/><\/figure>\n\n\n\n<figure class=\"wp-block-image size-large\"><img loading=\"lazy\" decoding=\"async\" width=\"1024\" height=\"682\" src=\"http:\/\/blogdoedvaldomagalhaes.com.br\/wp-content\/uploads\/2020\/03\/IMG-20200311-WA0183-1024x682.jpg\" alt=\"\" class=\"wp-image-52734\" srcset=\"https:\/\/blogdoedvaldomagalhaes.com.br\/wp-content\/uploads\/2020\/03\/IMG-20200311-WA0183-1024x682.jpg 1024w, https:\/\/blogdoedvaldomagalhaes.com.br\/wp-content\/uploads\/2020\/03\/IMG-20200311-WA0183-300x200.jpg 300w, https:\/\/blogdoedvaldomagalhaes.com.br\/wp-content\/uploads\/2020\/03\/IMG-20200311-WA0183-768x512.jpg 768w, https:\/\/blogdoedvaldomagalhaes.com.br\/wp-content\/uploads\/2020\/03\/IMG-20200311-WA0183.jpg 1280w\" sizes=\"auto, (max-width: 1024px) 100vw, 1024px\" \/><figcaption>Cr\u00e9ditos: Cristiano Brito<\/figcaption><\/figure>\n","protected":false},"excerpt":{"rendered":"<p>A cidade de Caruaru foi palco de um fato pol\u00edtico hist\u00f3rico nesta quarta-feira (11). No audit\u00f3rio do Citi Hotel Premium,&hellip;<\/p>\n","protected":false},"author":1,"featured_media":52731,"comment_status":"open","ping_status":"open","sticky":false,"template":"","format":"standard","meta":{"footnotes":""},"categories":[14122],"tags":[2,16881,17493],"class_list":["post-52730","post","type-post","status-publish","format-standard","has-post-thumbnail","hentry","category-politica","tag-blog-do-edvaldo-magalhaes","tag-caruaru-e-regiao","tag-psdb-faz-historia-na-politica-de-caruaru-filiando-16-vereadores"],"_links":{"self":[{"href":"https:\/\/blogdoedvaldomagalhaes.com.br\/index.php\/wp-json\/wp\/v2\/posts\/52730","targetHints":{"allow":["GET"]}}],"collection":[{"href":"https:\/\/blogdoedvaldomagalhaes.com.br\/index.php\/wp-json\/wp\/v2\/posts"}],"about":[{"href":"https:\/\/blogdoedvaldomagalhaes.com.br\/index.php\/wp-json\/wp\/v2\/types\/post"}],"author":[{"embeddable":true,"href":"https:\/\/blogdoedvaldomagalhaes.com.br\/index.php\/wp-json\/wp\/v2\/users\/1"}],"replies":[{"embeddable":true,"href":"https:\/\/blogdoedvaldomagalhaes.com.br\/index.php\/wp-json\/wp\/v2\/comments?post=52730"}],"version-history":[{"count":1,"href":"https:\/\/blogdoedvaldomagalhaes.com.br\/index.php\/wp-json\/wp\/v2\/posts\/52730\/revisions"}],"predecessor-version":[{"id":52735,"href":"https:\/\/blogdoedvaldomagalhaes.com.br\/index.php\/wp-json\/wp\/v2\/posts\/52730\/revisions\/52735"}],"wp:featuredmedia":[{"embeddable":true,"href":"https:\/\/blogdoedvaldomagalhaes.com.br\/index.php\/wp-json\/wp\/v2\/media\/52731"}],"wp:attachment":[{"href":"https:\/\/blogdoedvaldomagalhaes.com.br\/index.php\/wp-json\/wp\/v2\/media?parent=52730"}],"wp:term":[{"taxonomy":"category","embeddable":true,"href":"https:\/\/blogdoedvaldomagalhaes.com.br\/index.php\/wp-json\/wp\/v2\/categories?post=52730"},{"taxonomy":"post_tag","embeddable":true,"href":"https:\/\/blogdoedvaldomagalhaes.com.br\/index.php\/wp-json\/wp\/v2\/tags?post=52730"}],"curies":[{"name":"wp","href":"https:\/\/api.w.org\/{rel}","templated":true}]}}