{"id":52726,"date":"2020-03-11T16:13:38","date_gmt":"2020-03-11T19:13:38","guid":{"rendered":"http:\/\/blogdoedvaldomagalhaes.com.br\/?p=52726"},"modified":"2020-03-11T16:13:41","modified_gmt":"2020-03-11T19:13:41","slug":"novas-obras-de-calcamentos-e-praca-sao-iniciadas","status":"publish","type":"post","link":"https:\/\/blogdoedvaldomagalhaes.com.br\/index.php\/2020\/03\/11\/novas-obras-de-calcamentos-e-praca-sao-iniciadas\/","title":{"rendered":"Novas obras de cal\u00e7amentos e pra\u00e7a s\u00e3o iniciadas"},"content":{"rendered":"<p style=\"text-align: justify;\"><span style=\"font-size: inherit;\">A semana come\u00e7ou com a visita da prefeita Raquel Lyra \u00e0 Rua Jos\u00e9 Vieira de Assis, no bairro de Jo\u00e3o Mota. A passagem pela via foi para anunciar o in\u00edcio das obras de cal\u00e7amento e saneamento. Ser\u00e3o cerca de 500 metros de obras. A previs\u00e3o de entrega \u00e9 para junho deste ano.<\/span><\/p>\n<p style=\"text-align: justify;\">Os moradores receberam a not\u00edcia com o sorriso no rosto, ao saber que um desejo de tantos anos ser\u00e1 realizado. As obras j\u00e1 foram iniciadas, logo ap\u00f3s a visita da prefeita.<\/p>\n<p style=\"text-align: justify;\">Outro endere\u00e7o visitado nesta segunda-feira (09) foi a Rua Manoel Flor\u00eancio Sobrinho, no bairro Jos\u00e9 Carlos de Oliveira. Por l\u00e1, a via tamb\u00e9m ser\u00e1 cal\u00e7ada e vai compreender 495 metros de cal\u00e7amento. Na mesma localidade tamb\u00e9m ser\u00e1 constru\u00edda uma pra\u00e7a para comunidade, com espa\u00e7os como playground, quadra esportiva e pista de cooper. A moradora Edilene Silva, que h\u00e1 22 anos reside na rua, comemora a novidade.<\/p>\n<p style=\"text-align: justify;\">A prefeita Raquel Lyra fez quest\u00e3o de visitar as duas localidades para verificar cada detalhe do in\u00edcio das obras. &#8220;Gosto de acompanhar de perto tudo o que \u00e9 feito pela cidade e conversar com a popula\u00e7\u00e3o. J\u00e1 fizemos muito, mas ainda temos muito para fazer&#8221;.<\/p>\n<p style=\"text-align: justify;\">At\u00e9 o momento, a gest\u00e3o j\u00e1 construiu mais de 170 ruas no munic\u00edpio.<\/p>\n\n\n<figure class=\"wp-block-image size-large\"><img loading=\"lazy\" decoding=\"async\" width=\"1024\" height=\"682\" src=\"http:\/\/blogdoedvaldomagalhaes.com.br\/wp-content\/uploads\/2020\/03\/IMG-20200311-WA0067-1024x682.jpg\" alt=\"\" class=\"wp-image-52728\" srcset=\"https:\/\/blogdoedvaldomagalhaes.com.br\/wp-content\/uploads\/2020\/03\/IMG-20200311-WA0067-1024x682.jpg 1024w, https:\/\/blogdoedvaldomagalhaes.com.br\/wp-content\/uploads\/2020\/03\/IMG-20200311-WA0067-300x200.jpg 300w, https:\/\/blogdoedvaldomagalhaes.com.br\/wp-content\/uploads\/2020\/03\/IMG-20200311-WA0067-768x512.jpg 768w, https:\/\/blogdoedvaldomagalhaes.com.br\/wp-content\/uploads\/2020\/03\/IMG-20200311-WA0067.jpg 1280w\" sizes=\"auto, (max-width: 1024px) 100vw, 1024px\" \/><figcaption>Cr\u00e9ditos: Jorge Farias<\/figcaption><\/figure>\n","protected":false},"excerpt":{"rendered":"<p>A semana come\u00e7ou com a visita da prefeita Raquel Lyra \u00e0 Rua Jos\u00e9 Vieira de Assis, no bairro de Jo\u00e3o&hellip;<\/p>\n","protected":false},"author":1,"featured_media":52727,"comment_status":"open","ping_status":"open","sticky":false,"template":"","format":"standard","meta":{"footnotes":""},"categories":[14120],"tags":[2,16881,17492],"class_list":["post-52726","post","type-post","status-publish","format-standard","has-post-thumbnail","hentry","category-noticias","tag-blog-do-edvaldo-magalhaes","tag-caruaru-e-regiao","tag-novas-obras-de-calcamentos-e-praca-sao-iniciadas"],"_links":{"self":[{"href":"https:\/\/blogdoedvaldomagalhaes.com.br\/index.php\/wp-json\/wp\/v2\/posts\/52726","targetHints":{"allow":["GET"]}}],"collection":[{"href":"https:\/\/blogdoedvaldomagalhaes.com.br\/index.php\/wp-json\/wp\/v2\/posts"}],"about":[{"href":"https:\/\/blogdoedvaldomagalhaes.com.br\/index.php\/wp-json\/wp\/v2\/types\/post"}],"author":[{"embeddable":true,"href":"https:\/\/blogdoedvaldomagalhaes.com.br\/index.php\/wp-json\/wp\/v2\/users\/1"}],"replies":[{"embeddable":true,"href":"https:\/\/blogdoedvaldomagalhaes.com.br\/index.php\/wp-json\/wp\/v2\/comments?post=52726"}],"version-history":[{"count":1,"href":"https:\/\/blogdoedvaldomagalhaes.com.br\/index.php\/wp-json\/wp\/v2\/posts\/52726\/revisions"}],"predecessor-version":[{"id":52729,"href":"https:\/\/blogdoedvaldomagalhaes.com.br\/index.php\/wp-json\/wp\/v2\/posts\/52726\/revisions\/52729"}],"wp:featuredmedia":[{"embeddable":true,"href":"https:\/\/blogdoedvaldomagalhaes.com.br\/index.php\/wp-json\/wp\/v2\/media\/52727"}],"wp:attachment":[{"href":"https:\/\/blogdoedvaldomagalhaes.com.br\/index.php\/wp-json\/wp\/v2\/media?parent=52726"}],"wp:term":[{"taxonomy":"category","embeddable":true,"href":"https:\/\/blogdoedvaldomagalhaes.com.br\/index.php\/wp-json\/wp\/v2\/categories?post=52726"},{"taxonomy":"post_tag","embeddable":true,"href":"https:\/\/blogdoedvaldomagalhaes.com.br\/index.php\/wp-json\/wp\/v2\/tags?post=52726"}],"curies":[{"name":"wp","href":"https:\/\/api.w.org\/{rel}","templated":true}]}}