{"id":52722,"date":"2020-03-11T16:01:18","date_gmt":"2020-03-11T19:01:18","guid":{"rendered":"http:\/\/blogdoedvaldomagalhaes.com.br\/?p=52722"},"modified":"2020-03-11T16:01:23","modified_gmt":"2020-03-11T19:01:23","slug":"30a-edicao-do-miss-pernambuco-sera-em-caruaru-nesta-sexta-feira-13","status":"publish","type":"post","link":"https:\/\/blogdoedvaldomagalhaes.com.br\/index.php\/2020\/03\/11\/30a-edicao-do-miss-pernambuco-sera-em-caruaru-nesta-sexta-feira-13\/","title":{"rendered":"30\u00aa edi\u00e7\u00e3o do Miss Pernambuco ser\u00e1 em Caruaru nesta sexta-feira (13)"},"content":{"rendered":"<p style=\"text-align: justify;\"><span style=\"font-size: inherit;\">A miss Caruaru 2020, Hannah Gomes, de 26 anos, ir\u00e1 disputar o Miss Pernambuco na pr\u00f3xima sexta-feira (13). O evento vai ser sediado no Pavilh\u00e3o de Eventos do Caruaru Shopping. Comemorando a 30a edi\u00e7\u00e3o, com a realiza\u00e7\u00e3o do produtor Miguel Braga.<\/span><\/p>\n<p style=\"text-align: justify;\">As 27 candidatas est\u00e3o confinadas desde do \u00faltimo domingo (08), no Amoaras Resort, Maria Farinha, em Paulista-PE. At\u00e9 chegar em Caruaru, nesta quarta-feira (11), \u00e0s 16h, elas ir\u00e3o passar por mais uma cidade.<\/p>\n<p style=\"text-align: justify;\">Hannah Gomes \u00e9 modelo profissional desde os seus 16 anos, fez carreira internacional por tr\u00eas pa\u00edses: China, Jap\u00e3o e Turquia. De volta ao Brasil, cursou Nutri\u00e7\u00e3o e se formou pela Universidade Federal de Pernambuco (UFPE). Passando por v\u00e1rias passarelas da moda, e fotografando para as maiores marcas do polo t\u00eaxtil, Hannah resolveu disputar o concurso de beleza na Capital do Agreste, de onde \u00e9 natural e ganhou passagem para a disputa estadual.<\/p>\n<p style=\"text-align: justify;\">O miss Pernambuco acontece nesta sexta-feira (13), \u00e0s 19h, no Pavilh\u00e3o de Eventos do Caruaru Shopping. <\/p>\n<p style=\"text-align: justify;\">Informa\u00e7\u00f5es: Assessoria de Imprensa\/Comunica\u00e7\u00e3o Henrique Campos<\/p>\n<p style=\"text-align: justify;\">Fotos: Ruan Maranh\u00e3o.<\/p>\n\n\n<figure class=\"wp-block-image size-large\"><img loading=\"lazy\" decoding=\"async\" width=\"683\" height=\"1024\" src=\"http:\/\/blogdoedvaldomagalhaes.com.br\/wp-content\/uploads\/2020\/03\/IMG-20200311-WA0092-683x1024.jpg\" alt=\"\" class=\"wp-image-52723\" srcset=\"https:\/\/blogdoedvaldomagalhaes.com.br\/wp-content\/uploads\/2020\/03\/IMG-20200311-WA0092-683x1024.jpg 683w, https:\/\/blogdoedvaldomagalhaes.com.br\/wp-content\/uploads\/2020\/03\/IMG-20200311-WA0092-200x300.jpg 200w, https:\/\/blogdoedvaldomagalhaes.com.br\/wp-content\/uploads\/2020\/03\/IMG-20200311-WA0092-768x1151.jpg 768w, https:\/\/blogdoedvaldomagalhaes.com.br\/wp-content\/uploads\/2020\/03\/IMG-20200311-WA0092.jpg 854w\" sizes=\"auto, (max-width: 683px) 100vw, 683px\" \/><\/figure>\n","protected":false},"excerpt":{"rendered":"<p>A miss Caruaru 2020, Hannah Gomes, de 26 anos, ir\u00e1 disputar o Miss Pernambuco na pr\u00f3xima sexta-feira (13). O evento&hellip;<\/p>\n","protected":false},"author":1,"featured_media":52724,"comment_status":"open","ping_status":"open","sticky":false,"template":"","format":"standard","meta":{"footnotes":""},"categories":[14120],"tags":[17491,2,16881],"class_list":["post-52722","post","type-post","status-publish","format-standard","has-post-thumbnail","hentry","category-noticias","tag-30a-edicao-do-miss-pernambuco-sera-em-caruaru-nesta-sexta-feira-13","tag-blog-do-edvaldo-magalhaes","tag-caruaru-e-regiao"],"_links":{"self":[{"href":"https:\/\/blogdoedvaldomagalhaes.com.br\/index.php\/wp-json\/wp\/v2\/posts\/52722","targetHints":{"allow":["GET"]}}],"collection":[{"href":"https:\/\/blogdoedvaldomagalhaes.com.br\/index.php\/wp-json\/wp\/v2\/posts"}],"about":[{"href":"https:\/\/blogdoedvaldomagalhaes.com.br\/index.php\/wp-json\/wp\/v2\/types\/post"}],"author":[{"embeddable":true,"href":"https:\/\/blogdoedvaldomagalhaes.com.br\/index.php\/wp-json\/wp\/v2\/users\/1"}],"replies":[{"embeddable":true,"href":"https:\/\/blogdoedvaldomagalhaes.com.br\/index.php\/wp-json\/wp\/v2\/comments?post=52722"}],"version-history":[{"count":1,"href":"https:\/\/blogdoedvaldomagalhaes.com.br\/index.php\/wp-json\/wp\/v2\/posts\/52722\/revisions"}],"predecessor-version":[{"id":52725,"href":"https:\/\/blogdoedvaldomagalhaes.com.br\/index.php\/wp-json\/wp\/v2\/posts\/52722\/revisions\/52725"}],"wp:featuredmedia":[{"embeddable":true,"href":"https:\/\/blogdoedvaldomagalhaes.com.br\/index.php\/wp-json\/wp\/v2\/media\/52724"}],"wp:attachment":[{"href":"https:\/\/blogdoedvaldomagalhaes.com.br\/index.php\/wp-json\/wp\/v2\/media?parent=52722"}],"wp:term":[{"taxonomy":"category","embeddable":true,"href":"https:\/\/blogdoedvaldomagalhaes.com.br\/index.php\/wp-json\/wp\/v2\/categories?post=52722"},{"taxonomy":"post_tag","embeddable":true,"href":"https:\/\/blogdoedvaldomagalhaes.com.br\/index.php\/wp-json\/wp\/v2\/tags?post=52722"}],"curies":[{"name":"wp","href":"https:\/\/api.w.org\/{rel}","templated":true}]}}