{"id":52717,"date":"2020-03-11T15:27:02","date_gmt":"2020-03-11T18:27:02","guid":{"rendered":"http:\/\/blogdoedvaldomagalhaes.com.br\/?p=52717"},"modified":"2020-03-11T15:32:27","modified_gmt":"2020-03-11T18:32:27","slug":"oms-declara-pandemia-do-novo-coronavirus","status":"publish","type":"post","link":"https:\/\/blogdoedvaldomagalhaes.com.br\/index.php\/2020\/03\/11\/oms-declara-pandemia-do-novo-coronavirus\/","title":{"rendered":"OMS declara pandemia do novo Coronav\u00edrus"},"content":{"rendered":"<p style=\"text-align: justify;\">A Organiza\u00e7\u00e3o Mundial da Sa\u00fade (OMS) declarou, nesta quarta-feira (11), que a epidemia de covid-19, j\u00e1 pode ser considerada uma \u201cPandemia\u201d. O v\u00edrus j\u00e1 infectou mais de 110 mil pessoas em todo o mundo desde o final do ano passado.<\/p>\n<p style=\"text-align: justify;\">\u201cConsideramos que a covid-19 pode ser caracterizado como uma pandemia\u201d, disse o diretor-geral da OMS, Tedros Adhanom Ghebreyesus, em entrevista coletiva em Genebra, na Su\u00ed\u00e7a. Milhares de pessoas j\u00e1 morreram em decorr\u00eancia do Covid-19. No Brasil, 37 pessoas foram confirmadas com a doen\u00e7a at\u00e9 momento. S\u00e3o 893 casos suspeitos 880 descartados.<\/p>\n<p><em>Foto: Fabrice Coffrini\/AFP<\/em><\/p>\n","protected":false},"excerpt":{"rendered":"<p>A Organiza\u00e7\u00e3o Mundial da Sa\u00fade (OMS) declarou, nesta quarta-feira (11), que a epidemia de covid-19, j\u00e1 pode ser considerada uma&hellip;<\/p>\n","protected":false},"author":1,"featured_media":52718,"comment_status":"open","ping_status":"open","sticky":false,"template":"","format":"standard","meta":{"footnotes":""},"categories":[14120],"tags":[2,16881,17490],"class_list":["post-52717","post","type-post","status-publish","format-standard","has-post-thumbnail","hentry","category-noticias","tag-blog-do-edvaldo-magalhaes","tag-caruaru-e-regiao","tag-oms-declara-pandemia-do-novo-coronavirus"],"_links":{"self":[{"href":"https:\/\/blogdoedvaldomagalhaes.com.br\/index.php\/wp-json\/wp\/v2\/posts\/52717","targetHints":{"allow":["GET"]}}],"collection":[{"href":"https:\/\/blogdoedvaldomagalhaes.com.br\/index.php\/wp-json\/wp\/v2\/posts"}],"about":[{"href":"https:\/\/blogdoedvaldomagalhaes.com.br\/index.php\/wp-json\/wp\/v2\/types\/post"}],"author":[{"embeddable":true,"href":"https:\/\/blogdoedvaldomagalhaes.com.br\/index.php\/wp-json\/wp\/v2\/users\/1"}],"replies":[{"embeddable":true,"href":"https:\/\/blogdoedvaldomagalhaes.com.br\/index.php\/wp-json\/wp\/v2\/comments?post=52717"}],"version-history":[{"count":3,"href":"https:\/\/blogdoedvaldomagalhaes.com.br\/index.php\/wp-json\/wp\/v2\/posts\/52717\/revisions"}],"predecessor-version":[{"id":52721,"href":"https:\/\/blogdoedvaldomagalhaes.com.br\/index.php\/wp-json\/wp\/v2\/posts\/52717\/revisions\/52721"}],"wp:featuredmedia":[{"embeddable":true,"href":"https:\/\/blogdoedvaldomagalhaes.com.br\/index.php\/wp-json\/wp\/v2\/media\/52718"}],"wp:attachment":[{"href":"https:\/\/blogdoedvaldomagalhaes.com.br\/index.php\/wp-json\/wp\/v2\/media?parent=52717"}],"wp:term":[{"taxonomy":"category","embeddable":true,"href":"https:\/\/blogdoedvaldomagalhaes.com.br\/index.php\/wp-json\/wp\/v2\/categories?post=52717"},{"taxonomy":"post_tag","embeddable":true,"href":"https:\/\/blogdoedvaldomagalhaes.com.br\/index.php\/wp-json\/wp\/v2\/tags?post=52717"}],"curies":[{"name":"wp","href":"https:\/\/api.w.org\/{rel}","templated":true}]}}