{"id":52709,"date":"2020-03-11T09:07:05","date_gmt":"2020-03-11T12:07:05","guid":{"rendered":"http:\/\/blogdoedvaldomagalhaes.com.br\/?p=52709"},"modified":"2020-03-11T09:07:08","modified_gmt":"2020-03-11T12:07:08","slug":"prf-recolhe-38-veiculos-escolares-durante-operacao-volta-as-aulas-em-pernambuco","status":"publish","type":"post","link":"https:\/\/blogdoedvaldomagalhaes.com.br\/index.php\/2020\/03\/11\/prf-recolhe-38-veiculos-escolares-durante-operacao-volta-as-aulas-em-pernambuco\/","title":{"rendered":"PRF recolhe 38 ve\u00edculos escolares durante Opera\u00e7\u00e3o Volta \u00e0s Aulas em Pernambuco"},"content":{"rendered":"<p style=\"text-align: justify;\">A Pol\u00edcia Rodovi\u00e1ria Federal (PRF) recolheu 38 ve\u00edculos por diversas irregularidades durante a Opera\u00e7\u00e3o Volta \u00e0s Aulas, realizada entre os dias 09 e 10 de mar\u00e7o, nas rodovias federais de Pernambuco. A iniciativa nacional teve como objetivo coibir infra\u00e7\u00f5es no transporte escolar e preservar a seguran\u00e7a de estudantes, que precisam utilizar os ve\u00edculos diariamente.<br \/>\u00a0<br \/>Ao todo, foram fiscalizados 185 \u00f4nibus e vans, sendo emitidas 365 autua\u00e7\u00f5es por diversas irregularidades. Entre elas, destacam-se a falta de habilita\u00e7\u00e3o e curso espec\u00edfico do condutor, n\u00e3o portar a autoriza\u00e7\u00e3o para conduzir escolares, aus\u00eancia de equipamentos obrigat\u00f3rios, mau estado de conserva\u00e7\u00e3o e falta de sinaliza\u00e7\u00e3o dos ve\u00edculos.<br \/>\u00a0<br \/>Durante a opera\u00e7\u00e3o, foi retida uma van na BR 116 que realizava o transporte de 19 alunos da Zona Rural de Salgueiro, no Sert\u00e3o de Pernambuco, para uma escola localizada no mesmo munic\u00edpio. O ve\u00edculo trafegava com excesso de lota\u00e7\u00e3o, cintos quebrados, bancos soltos, sem autoriza\u00e7\u00e3o para realizar esse tipo de transporte e os alunos precisavam segurar a porta da van pois a trava n\u00e3o fechava. Um pai de aluno soube da opera\u00e7\u00e3o e enviou um of\u00edcio \u00e0 PRF na ter\u00e7a-feira (10), denunciando esse transporte. <br \/>\u00a0<br \/>Essa \u00e9 a segunda etapa da Opera\u00e7\u00e3o Volta \u00e0s Aulas em Pernambuco. No primeiro momento, foram realizadas reuni\u00f5es com representantes de prefeituras para orientar sobre os requisitos necess\u00e1rios ao transporte adequado dos estudantes.<\/p>\n<p style=\"text-align: justify;\">As irregularidades mais graves ser\u00e3o encaminhadas ao Minist\u00e9rio P\u00fablico, para que as medidas legais sejam tomadas e o transporte dos alunos ocorra de forma regular.<\/p>\n\n\n<figure class=\"wp-block-image size-large\"><img loading=\"lazy\" decoding=\"async\" width=\"1024\" height=\"498\" src=\"http:\/\/blogdoedvaldomagalhaes.com.br\/wp-content\/uploads\/2020\/03\/IMG-20200311-WA0006-1024x498.jpg\" alt=\"\" class=\"wp-image-52711\" srcset=\"https:\/\/blogdoedvaldomagalhaes.com.br\/wp-content\/uploads\/2020\/03\/IMG-20200311-WA0006-1024x498.jpg 1024w, https:\/\/blogdoedvaldomagalhaes.com.br\/wp-content\/uploads\/2020\/03\/IMG-20200311-WA0006-300x146.jpg 300w, https:\/\/blogdoedvaldomagalhaes.com.br\/wp-content\/uploads\/2020\/03\/IMG-20200311-WA0006-768x373.jpg 768w, https:\/\/blogdoedvaldomagalhaes.com.br\/wp-content\/uploads\/2020\/03\/IMG-20200311-WA0006.jpg 1152w\" sizes=\"auto, (max-width: 1024px) 100vw, 1024px\" \/><\/figure>\n\n\n\n<figure class=\"wp-block-image size-large\"><img loading=\"lazy\" decoding=\"async\" width=\"1024\" height=\"576\" src=\"http:\/\/blogdoedvaldomagalhaes.com.br\/wp-content\/uploads\/2020\/03\/IMG-20200311-WA0007-1024x576.jpg\" alt=\"\" class=\"wp-image-52712\" srcset=\"https:\/\/blogdoedvaldomagalhaes.com.br\/wp-content\/uploads\/2020\/03\/IMG-20200311-WA0007-1024x576.jpg 1024w, https:\/\/blogdoedvaldomagalhaes.com.br\/wp-content\/uploads\/2020\/03\/IMG-20200311-WA0007-300x169.jpg 300w, https:\/\/blogdoedvaldomagalhaes.com.br\/wp-content\/uploads\/2020\/03\/IMG-20200311-WA0007-768x432.jpg 768w, https:\/\/blogdoedvaldomagalhaes.com.br\/wp-content\/uploads\/2020\/03\/IMG-20200311-WA0007-720x405.jpg 720w, https:\/\/blogdoedvaldomagalhaes.com.br\/wp-content\/uploads\/2020\/03\/IMG-20200311-WA0007.jpg 1032w\" sizes=\"auto, (max-width: 1024px) 100vw, 1024px\" \/><\/figure>\n\n\n\n<figure class=\"wp-block-image size-large\"><img loading=\"lazy\" decoding=\"async\" width=\"1024\" height=\"768\" src=\"http:\/\/blogdoedvaldomagalhaes.com.br\/wp-content\/uploads\/2020\/03\/IMG-20200311-WA0003-1024x768.jpg\" alt=\"\" class=\"wp-image-52713\" srcset=\"https:\/\/blogdoedvaldomagalhaes.com.br\/wp-content\/uploads\/2020\/03\/IMG-20200311-WA0003-1024x768.jpg 1024w, https:\/\/blogdoedvaldomagalhaes.com.br\/wp-content\/uploads\/2020\/03\/IMG-20200311-WA0003-300x225.jpg 300w, https:\/\/blogdoedvaldomagalhaes.com.br\/wp-content\/uploads\/2020\/03\/IMG-20200311-WA0003-768x576.jpg 768w, https:\/\/blogdoedvaldomagalhaes.com.br\/wp-content\/uploads\/2020\/03\/IMG-20200311-WA0003-160x120.jpg 160w, https:\/\/blogdoedvaldomagalhaes.com.br\/wp-content\/uploads\/2020\/03\/IMG-20200311-WA0003.jpg 1152w\" sizes=\"auto, (max-width: 1024px) 100vw, 1024px\" \/><\/figure>\n\n\n\n<figure class=\"wp-block-image size-large\"><img loading=\"lazy\" decoding=\"async\" width=\"1024\" height=\"768\" src=\"http:\/\/blogdoedvaldomagalhaes.com.br\/wp-content\/uploads\/2020\/03\/IMG-20200311-WA0004-1024x768.jpg\" alt=\"\" class=\"wp-image-52714\" srcset=\"https:\/\/blogdoedvaldomagalhaes.com.br\/wp-content\/uploads\/2020\/03\/IMG-20200311-WA0004-1024x768.jpg 1024w, https:\/\/blogdoedvaldomagalhaes.com.br\/wp-content\/uploads\/2020\/03\/IMG-20200311-WA0004-300x225.jpg 300w, https:\/\/blogdoedvaldomagalhaes.com.br\/wp-content\/uploads\/2020\/03\/IMG-20200311-WA0004-768x576.jpg 768w, https:\/\/blogdoedvaldomagalhaes.com.br\/wp-content\/uploads\/2020\/03\/IMG-20200311-WA0004-160x120.jpg 160w, https:\/\/blogdoedvaldomagalhaes.com.br\/wp-content\/uploads\/2020\/03\/IMG-20200311-WA0004.jpg 1152w\" sizes=\"auto, (max-width: 1024px) 100vw, 1024px\" \/><\/figure>\n\n\n\n<figure class=\"wp-block-image size-large\"><img loading=\"lazy\" decoding=\"async\" width=\"1024\" height=\"768\" src=\"http:\/\/blogdoedvaldomagalhaes.com.br\/wp-content\/uploads\/2020\/03\/IMG-20200311-WA0005-1024x768.jpg\" alt=\"\" class=\"wp-image-52715\" srcset=\"https:\/\/blogdoedvaldomagalhaes.com.br\/wp-content\/uploads\/2020\/03\/IMG-20200311-WA0005-1024x768.jpg 1024w, https:\/\/blogdoedvaldomagalhaes.com.br\/wp-content\/uploads\/2020\/03\/IMG-20200311-WA0005-300x225.jpg 300w, https:\/\/blogdoedvaldomagalhaes.com.br\/wp-content\/uploads\/2020\/03\/IMG-20200311-WA0005-768x576.jpg 768w, https:\/\/blogdoedvaldomagalhaes.com.br\/wp-content\/uploads\/2020\/03\/IMG-20200311-WA0005-160x120.jpg 160w, https:\/\/blogdoedvaldomagalhaes.com.br\/wp-content\/uploads\/2020\/03\/IMG-20200311-WA0005.jpg 1152w\" sizes=\"auto, (max-width: 1024px) 100vw, 1024px\" \/><figcaption>Fotos: PRF\/Divulga\u00e7\u00e3o<\/figcaption><\/figure>\n","protected":false},"excerpt":{"rendered":"<p>A Pol\u00edcia Rodovi\u00e1ria Federal (PRF) recolheu 38 ve\u00edculos por diversas irregularidades durante a Opera\u00e7\u00e3o Volta \u00e0s Aulas, realizada entre os&hellip;<\/p>\n","protected":false},"author":1,"featured_media":52710,"comment_status":"open","ping_status":"open","sticky":false,"template":"","format":"standard","meta":{"footnotes":""},"categories":[14121],"tags":[2,16881,17489],"class_list":["post-52709","post","type-post","status-publish","format-standard","has-post-thumbnail","hentry","category-policial","tag-blog-do-edvaldo-magalhaes","tag-caruaru-e-regiao","tag-prf-recolhe-38-veiculos-escolares-durante-operacao-volta-as-aulas-em-pernambuco"],"_links":{"self":[{"href":"https:\/\/blogdoedvaldomagalhaes.com.br\/index.php\/wp-json\/wp\/v2\/posts\/52709","targetHints":{"allow":["GET"]}}],"collection":[{"href":"https:\/\/blogdoedvaldomagalhaes.com.br\/index.php\/wp-json\/wp\/v2\/posts"}],"about":[{"href":"https:\/\/blogdoedvaldomagalhaes.com.br\/index.php\/wp-json\/wp\/v2\/types\/post"}],"author":[{"embeddable":true,"href":"https:\/\/blogdoedvaldomagalhaes.com.br\/index.php\/wp-json\/wp\/v2\/users\/1"}],"replies":[{"embeddable":true,"href":"https:\/\/blogdoedvaldomagalhaes.com.br\/index.php\/wp-json\/wp\/v2\/comments?post=52709"}],"version-history":[{"count":1,"href":"https:\/\/blogdoedvaldomagalhaes.com.br\/index.php\/wp-json\/wp\/v2\/posts\/52709\/revisions"}],"predecessor-version":[{"id":52716,"href":"https:\/\/blogdoedvaldomagalhaes.com.br\/index.php\/wp-json\/wp\/v2\/posts\/52709\/revisions\/52716"}],"wp:featuredmedia":[{"embeddable":true,"href":"https:\/\/blogdoedvaldomagalhaes.com.br\/index.php\/wp-json\/wp\/v2\/media\/52710"}],"wp:attachment":[{"href":"https:\/\/blogdoedvaldomagalhaes.com.br\/index.php\/wp-json\/wp\/v2\/media?parent=52709"}],"wp:term":[{"taxonomy":"category","embeddable":true,"href":"https:\/\/blogdoedvaldomagalhaes.com.br\/index.php\/wp-json\/wp\/v2\/categories?post=52709"},{"taxonomy":"post_tag","embeddable":true,"href":"https:\/\/blogdoedvaldomagalhaes.com.br\/index.php\/wp-json\/wp\/v2\/tags?post=52709"}],"curies":[{"name":"wp","href":"https:\/\/api.w.org\/{rel}","templated":true}]}}