{"id":52706,"date":"2020-03-11T08:54:21","date_gmt":"2020-03-11T11:54:21","guid":{"rendered":"http:\/\/blogdoedvaldomagalhaes.com.br\/?p=52706"},"modified":"2020-03-11T08:54:24","modified_gmt":"2020-03-11T11:54:24","slug":"evento-de-adocao-de-animais-amigo-nao-se-compra-em-caruaru-nesta-sexta-13","status":"publish","type":"post","link":"https:\/\/blogdoedvaldomagalhaes.com.br\/index.php\/2020\/03\/11\/evento-de-adocao-de-animais-amigo-nao-se-compra-em-caruaru-nesta-sexta-13\/","title":{"rendered":"Evento de ado\u00e7\u00e3o de animais \u201cAmigo n\u00e3o se compra\u201d em Caruaru nesta sexta (13)"},"content":{"rendered":"<p style=\"text-align: justify;\"><span style=\"font-size: inherit;\">Nesta sexta-feira(13), o Instituto Quatro Patas e o vereador Fagner Fernandes realizar\u00e3o mais um evento de ado\u00e7\u00e3o de animais \u201cAmigo n\u00e3o se compra\u201d. O Evento ser\u00e1 realizado na Pra\u00e7a Giacomo Mastroianni, popularmente conhecida como a Pracinha do Assa\u00ed, localizada no Centro da cidade, das 9h \u00e0s 14h.<\/span><\/p>\n<p style=\"text-align: justify;\">Os animais que ser\u00e3o expostos no evento atualmente est\u00e3o em lar tempor\u00e1rio de protetores de animais e simpatizantes da causa.<\/p>\n<p style=\"text-align: justify;\">Cerca de 30 animais, entre c\u00e3es e gatos, adultos e filhotes, f\u00eameas e machos, estar\u00e3o expostos no local. Os animais adultos j\u00e1 se encontram castrados, vacinados e vermifugados.<\/p>\n<p style=\"text-align: justify;\">Os interessados em adotar um animal devem comparecer ao local do evento portando os documentos pessoais (CPF, RG e comprovante de resid\u00eancia) caixa para transporte ou coleira para condu\u00e7\u00e3o do animal e devem tamb\u00e9m ser maiores de 18 anos.<\/p>\n<p style=\"text-align: justify;\">Para o protetor e vereador Fagner Fernandes, que tem como sua principal bandeira a causa animal, \u201co ato de adotar \u00e9 de suma import\u00e2ncia, com ele todos saem ganhando: o adotante ganha um amigo, o animal ganha um lar seguro, cuidados adequados e muito carinho e, em paralelo, diminu\u00edmos a quantidade de animais abandonados na cidade\u201d.<\/p>\n","protected":false},"excerpt":{"rendered":"<p>Nesta sexta-feira(13), o Instituto Quatro Patas e o vereador Fagner Fernandes realizar\u00e3o mais um evento de ado\u00e7\u00e3o de animais \u201cAmigo&hellip;<\/p>\n","protected":false},"author":1,"featured_media":52707,"comment_status":"open","ping_status":"open","sticky":false,"template":"","format":"standard","meta":{"footnotes":""},"categories":[14120],"tags":[2,16881,17488],"class_list":["post-52706","post","type-post","status-publish","format-standard","has-post-thumbnail","hentry","category-noticias","tag-blog-do-edvaldo-magalhaes","tag-caruaru-e-regiao","tag-evento-de-adocao-de-animais-amigo-nao-se-compra-em-caruaru-nesta-sexta-13"],"_links":{"self":[{"href":"https:\/\/blogdoedvaldomagalhaes.com.br\/index.php\/wp-json\/wp\/v2\/posts\/52706","targetHints":{"allow":["GET"]}}],"collection":[{"href":"https:\/\/blogdoedvaldomagalhaes.com.br\/index.php\/wp-json\/wp\/v2\/posts"}],"about":[{"href":"https:\/\/blogdoedvaldomagalhaes.com.br\/index.php\/wp-json\/wp\/v2\/types\/post"}],"author":[{"embeddable":true,"href":"https:\/\/blogdoedvaldomagalhaes.com.br\/index.php\/wp-json\/wp\/v2\/users\/1"}],"replies":[{"embeddable":true,"href":"https:\/\/blogdoedvaldomagalhaes.com.br\/index.php\/wp-json\/wp\/v2\/comments?post=52706"}],"version-history":[{"count":1,"href":"https:\/\/blogdoedvaldomagalhaes.com.br\/index.php\/wp-json\/wp\/v2\/posts\/52706\/revisions"}],"predecessor-version":[{"id":52708,"href":"https:\/\/blogdoedvaldomagalhaes.com.br\/index.php\/wp-json\/wp\/v2\/posts\/52706\/revisions\/52708"}],"wp:featuredmedia":[{"embeddable":true,"href":"https:\/\/blogdoedvaldomagalhaes.com.br\/index.php\/wp-json\/wp\/v2\/media\/52707"}],"wp:attachment":[{"href":"https:\/\/blogdoedvaldomagalhaes.com.br\/index.php\/wp-json\/wp\/v2\/media?parent=52706"}],"wp:term":[{"taxonomy":"category","embeddable":true,"href":"https:\/\/blogdoedvaldomagalhaes.com.br\/index.php\/wp-json\/wp\/v2\/categories?post=52706"},{"taxonomy":"post_tag","embeddable":true,"href":"https:\/\/blogdoedvaldomagalhaes.com.br\/index.php\/wp-json\/wp\/v2\/tags?post=52706"}],"curies":[{"name":"wp","href":"https:\/\/api.w.org\/{rel}","templated":true}]}}