{"id":52703,"date":"2020-03-11T08:44:00","date_gmt":"2020-03-11T11:44:00","guid":{"rendered":"http:\/\/blogdoedvaldomagalhaes.com.br\/?p=52703"},"modified":"2020-03-11T08:44:06","modified_gmt":"2020-03-11T11:44:06","slug":"em-tom-de-unidade-pt-caruaru-da-inicio-ao-calendario-eleitoral","status":"publish","type":"post","link":"https:\/\/blogdoedvaldomagalhaes.com.br\/index.php\/2020\/03\/11\/em-tom-de-unidade-pt-caruaru-da-inicio-ao-calendario-eleitoral\/","title":{"rendered":"Em tom de unidade, PT Caruaru d\u00e1 in\u00edcio ao calend\u00e1rio eleitoral"},"content":{"rendered":"<p style=\"text-align: justify;\"><span style=\"font-size: inherit;\">Durante reuni\u00e3o do Diret\u00f3rio Municipal, na noite desta ter\u00e7a-feira (10), o PT Caruaru iniciou de forma oficial os debates internos para as elei\u00e7\u00f5es deste ano. Os membros aprovaram, por unanimidade, a proposta para disputar em faixa pr\u00f3pria a Prefeitura de Caruaru. O nome ser\u00e1 anunciado no dia 25 de mar\u00e7o, quando o partido realizar\u00e1 um encontro entre os filiados. O fato de n\u00e3o ter pr\u00e9vias ajuda bastante no clima da constru\u00e7\u00e3o partid\u00e1ria, que pode chegar a um entendimento ainda antes dessa data.<\/span><\/p>\n<p style=\"text-align: justify;\">Os nomes que registraram pr\u00e9-candidatura junto \u00e0 executiva do partido s\u00e3o os dos advogados Ant\u00f4nio Carvalho e Marcelo Rodrigues, al\u00e9m da professora Zeneide Alves. Foi estabelecida tamb\u00e9m a forma\u00e7\u00e3o de um Grupo T\u00e1tico Eleitoral (GTE) composto por seis nomes para definir as estrat\u00e9gias para o pr\u00f3ximo pleito.<\/p>\n<p style=\"text-align: justify;\">De acordo com o presidente do PT Caruaru, Leo Bulh\u00f5es, esse \u00e9 um momento fundamental para o partido na cidade, que depois de muitos anos vai voltar a disputar o Pal\u00e1cio Jaime Nejaim, contando com a presen\u00e7a do seu maior cabo eleitoral, o ex-presidente Lula.<\/p>\n","protected":false},"excerpt":{"rendered":"<p>Durante reuni\u00e3o do Diret\u00f3rio Municipal, na noite desta ter\u00e7a-feira (10), o PT Caruaru iniciou de forma oficial os debates internos&hellip;<\/p>\n","protected":false},"author":1,"featured_media":52704,"comment_status":"open","ping_status":"open","sticky":false,"template":"","format":"standard","meta":{"footnotes":""},"categories":[14122],"tags":[2,16881,17486,17487],"class_list":["post-52703","post","type-post","status-publish","format-standard","has-post-thumbnail","hentry","category-politica","tag-blog-do-edvaldo-magalhaes","tag-caruaru-e-regiao","tag-em-tom-de-unidade","tag-pt-caruaru-da-inicio-ao-calendario-eleitoral"],"_links":{"self":[{"href":"https:\/\/blogdoedvaldomagalhaes.com.br\/index.php\/wp-json\/wp\/v2\/posts\/52703","targetHints":{"allow":["GET"]}}],"collection":[{"href":"https:\/\/blogdoedvaldomagalhaes.com.br\/index.php\/wp-json\/wp\/v2\/posts"}],"about":[{"href":"https:\/\/blogdoedvaldomagalhaes.com.br\/index.php\/wp-json\/wp\/v2\/types\/post"}],"author":[{"embeddable":true,"href":"https:\/\/blogdoedvaldomagalhaes.com.br\/index.php\/wp-json\/wp\/v2\/users\/1"}],"replies":[{"embeddable":true,"href":"https:\/\/blogdoedvaldomagalhaes.com.br\/index.php\/wp-json\/wp\/v2\/comments?post=52703"}],"version-history":[{"count":1,"href":"https:\/\/blogdoedvaldomagalhaes.com.br\/index.php\/wp-json\/wp\/v2\/posts\/52703\/revisions"}],"predecessor-version":[{"id":52705,"href":"https:\/\/blogdoedvaldomagalhaes.com.br\/index.php\/wp-json\/wp\/v2\/posts\/52703\/revisions\/52705"}],"wp:featuredmedia":[{"embeddable":true,"href":"https:\/\/blogdoedvaldomagalhaes.com.br\/index.php\/wp-json\/wp\/v2\/media\/52704"}],"wp:attachment":[{"href":"https:\/\/blogdoedvaldomagalhaes.com.br\/index.php\/wp-json\/wp\/v2\/media?parent=52703"}],"wp:term":[{"taxonomy":"category","embeddable":true,"href":"https:\/\/blogdoedvaldomagalhaes.com.br\/index.php\/wp-json\/wp\/v2\/categories?post=52703"},{"taxonomy":"post_tag","embeddable":true,"href":"https:\/\/blogdoedvaldomagalhaes.com.br\/index.php\/wp-json\/wp\/v2\/tags?post=52703"}],"curies":[{"name":"wp","href":"https:\/\/api.w.org\/{rel}","templated":true}]}}