{"id":52693,"date":"2020-03-10T21:09:08","date_gmt":"2020-03-11T00:09:08","guid":{"rendered":"http:\/\/blogdoedvaldomagalhaes.com.br\/?p=52693"},"modified":"2020-03-10T22:15:35","modified_gmt":"2020-03-11T01:15:35","slug":"jovem-e-morto-a-tiros-em-caruaru-nesta-terca-feira-10","status":"publish","type":"post","link":"https:\/\/blogdoedvaldomagalhaes.com.br\/index.php\/2020\/03\/10\/jovem-e-morto-a-tiros-em-caruaru-nesta-terca-feira-10\/","title":{"rendered":"Jovem \u00e9 morto a tiros em Caruaru nesta ter\u00e7a-feira (10)"},"content":{"rendered":"<p style=\"text-align: justify;\">O jovem Joais Ant\u00f4nio da Silva Freitas, de 24 anos de idade, residente no bairro Cidade Jardim, em Caruaru, foi assassinado na noite desta ter\u00e7a-feira (10), quando estava na avenida Brasil, no bairro Universit\u00e1rio. A v\u00edtima foi alvejada por tr\u00eas disparos de arma de fogo. O jovem foi socorrido para a UPA 24hs, mas n\u00e3o resistiu aos ferimentos.<\/p>\n<p style=\"text-align: justify;\">As Pol\u00edcias Militar e Civil acompanham o caso. O corpo ser\u00e1 encaminhado para o Instituto de Medicina Legal (IML).<\/p>\n<p style=\"text-align: justify;\">Este foi o 5\u00ba homic\u00eddio do m\u00eas de mar\u00e7o em Caruaru. De janeiro at\u00e9 agora j\u00e1 s\u00e3o 28 assassinatos no munic\u00edpio.<\/p>\n\n\n<figure class=\"wp-block-image size-large\"><img loading=\"lazy\" decoding=\"async\" width=\"719\" height=\"726\" src=\"http:\/\/blogdoedvaldomagalhaes.com.br\/wp-content\/uploads\/2020\/03\/IMG-20200310-WA0230.jpg\" alt=\"\" class=\"wp-image-52700\" srcset=\"https:\/\/blogdoedvaldomagalhaes.com.br\/wp-content\/uploads\/2020\/03\/IMG-20200310-WA0230.jpg 719w, https:\/\/blogdoedvaldomagalhaes.com.br\/wp-content\/uploads\/2020\/03\/IMG-20200310-WA0230-297x300.jpg 297w, https:\/\/blogdoedvaldomagalhaes.com.br\/wp-content\/uploads\/2020\/03\/IMG-20200310-WA0230-150x150.jpg 150w\" sizes=\"auto, (max-width: 719px) 100vw, 719px\" \/><figcaption>Joais Ant\u00f4nio da Silva Freitas<\/figcaption><\/figure>\n","protected":false},"excerpt":{"rendered":"<p>O jovem Joais Ant\u00f4nio da Silva Freitas, de 24 anos de idade, residente no bairro Cidade Jardim, em Caruaru, foi&hellip;<\/p>\n","protected":false},"author":1,"featured_media":52694,"comment_status":"open","ping_status":"open","sticky":false,"template":"","format":"standard","meta":{"footnotes":""},"categories":[14121],"tags":[16881,17485],"class_list":["post-52693","post","type-post","status-publish","format-standard","has-post-thumbnail","hentry","category-policial","tag-caruaru-e-regiao","tag-jovem-e-morto-a-tiros-em-caruaru-nesta-terca-feira-10"],"_links":{"self":[{"href":"https:\/\/blogdoedvaldomagalhaes.com.br\/index.php\/wp-json\/wp\/v2\/posts\/52693","targetHints":{"allow":["GET"]}}],"collection":[{"href":"https:\/\/blogdoedvaldomagalhaes.com.br\/index.php\/wp-json\/wp\/v2\/posts"}],"about":[{"href":"https:\/\/blogdoedvaldomagalhaes.com.br\/index.php\/wp-json\/wp\/v2\/types\/post"}],"author":[{"embeddable":true,"href":"https:\/\/blogdoedvaldomagalhaes.com.br\/index.php\/wp-json\/wp\/v2\/users\/1"}],"replies":[{"embeddable":true,"href":"https:\/\/blogdoedvaldomagalhaes.com.br\/index.php\/wp-json\/wp\/v2\/comments?post=52693"}],"version-history":[{"count":6,"href":"https:\/\/blogdoedvaldomagalhaes.com.br\/index.php\/wp-json\/wp\/v2\/posts\/52693\/revisions"}],"predecessor-version":[{"id":52702,"href":"https:\/\/blogdoedvaldomagalhaes.com.br\/index.php\/wp-json\/wp\/v2\/posts\/52693\/revisions\/52702"}],"wp:featuredmedia":[{"embeddable":true,"href":"https:\/\/blogdoedvaldomagalhaes.com.br\/index.php\/wp-json\/wp\/v2\/media\/52694"}],"wp:attachment":[{"href":"https:\/\/blogdoedvaldomagalhaes.com.br\/index.php\/wp-json\/wp\/v2\/media?parent=52693"}],"wp:term":[{"taxonomy":"category","embeddable":true,"href":"https:\/\/blogdoedvaldomagalhaes.com.br\/index.php\/wp-json\/wp\/v2\/categories?post=52693"},{"taxonomy":"post_tag","embeddable":true,"href":"https:\/\/blogdoedvaldomagalhaes.com.br\/index.php\/wp-json\/wp\/v2\/tags?post=52693"}],"curies":[{"name":"wp","href":"https:\/\/api.w.org\/{rel}","templated":true}]}}