{"id":5269,"date":"2017-07-25T00:25:00","date_gmt":"2017-07-25T03:25:00","guid":{"rendered":"http:\/\/blogdoedvaldomagalhaes.com.br\/index.php\/2017\/07\/25\/convocados-beneficiarios-aprovados-para\/"},"modified":"2019-02-09T01:36:39","modified_gmt":"2019-02-09T03:36:39","slug":"convocados-beneficiarios-aprovados-para","status":"publish","type":"post","link":"https:\/\/blogdoedvaldomagalhaes.com.br\/index.php\/2017\/07\/25\/convocados-beneficiarios-aprovados-para\/","title":{"rendered":"Convocados benefici\u00e1rios aprovados para entrega dos Residenciais Luiz Bezerra Torres I e II"},"content":{"rendered":"<div class=\"MsoNormal\" style=\"text-align: justify;\">\n<\/div>\n<div class=\"separator\" style=\"clear: both; text-align: center;\">\n<a href=\"https:\/\/1.bp.blogspot.com\/-XGXksaUOznQ\/WXaP0A3xpKI\/AAAAAAAAaCw\/I5Nu0X5MDLIQhFvTxTHP7dBjKygOizBmwCLcBGAs\/s1600\/foto.jpg\" imageanchor=\"1\" style=\"margin-left: 1em; margin-right: 1em;\"><img loading=\"lazy\" decoding=\"async\" border=\"0\" data-original-height=\"741\" data-original-width=\"1600\" height=\"182\" src=\"http:\/\/blogdoedvaldomagalhaes.com.br\/wp-content\/uploads\/2017\/07\/foto-7.jpg\" width=\"400\" \/><\/a><\/div>\n<div class=\"separator\" style=\"clear: both; text-align: center;\">\n<\/div>\n<p><\/p>\n<div class=\"MsoNormal\" style=\"text-align: justify;\">\nJ\u00e1 est\u00e3o dispon\u00edveis para<br \/>\nconsulta, as listas com as rela\u00e7\u00f5es dos nomes dos benefici\u00e1rios contemplados<br \/>\npelos im\u00f3veis dos Residenciais Luiz Bezerra Torres I e II que dever\u00e3o assinar<br \/>\nos contratos para recebimento das casas. No total ser\u00e3o beneficiadas 2.404<br \/>\nfam\u00edlias com os dois empreendimentos. As listas com as rela\u00e7\u00f5es dos nomes dos<br \/>\ncontemplados j\u00e1 est\u00e3o afixadas nas unidades dos CRAS Centen\u00e1rio, Bonan\u00e7a, Jo\u00e3o<br \/>\nMota, Salgado e Rendeiras, e tamb\u00e9m no pr\u00e9dio da gest\u00e3o do Bolsa Fam\u00edlia.<\/div>\n<div class=\"MsoNormal\" style=\"text-align: justify;\">\n<\/div>\n<div class=\"MsoNormal\" style=\"text-align: justify;\">\nA assinatura dos contratos<br \/>\ncom a Caixa Econ\u00f4mica, Celpe e Compesa ser\u00e1 feita de 31 de julho \u00e0 04 de<br \/>\nagosto, no Espa\u00e7o Cultural Tancredo Neves, das 08h \u00e0s 13h, e \u00e0s 14h ser\u00e1<br \/>\nrealizada assembleia para a institui\u00e7\u00e3o do condom\u00ednio, no mesmo local. Uma<br \/>\nequipe formada por funcion\u00e1rios da Celpe, Compesa, Caixa e prefeitura dar\u00e1<br \/>\nsuporte aos mutu\u00e1rios. Os contemplados ter\u00e3o que comparecer ao local munidos de<br \/>\nxerox e documentos originais de Carteira de Identidade, CPF e Nis (cart\u00e3o do Bolsa<br \/>\nFam\u00edlia).<\/div>\n<div class=\"MsoNormal\" style=\"text-align: justify;\">\n<\/div>\n<div class=\"MsoNormal\" style=\"text-align: justify;\">\nNas listas constam as<br \/>\nrespectivas datas que cada benefici\u00e1rio ter\u00e1 que comparecer ao espa\u00e7o para<br \/>\nproceder com as assinaturas dos contratos. A entrega dos im\u00f3veis est\u00e1 prevista<br \/>\npara acontecer na segunda quinzena de agosto. Ser\u00e3o entregues 1136 unidades<br \/>\nhabitacionais do Luiz Bezerra Torres I e 1268 unidades do Luiz Bezerra Torres<br \/>\nII. As rela\u00e7\u00f5es com os nomes dos contemplados estar\u00e3o dispon\u00edveis tamb\u00e9m no<br \/>\nsite da prefeitura: www.caruaru.pe.gov.br.<\/div>\n<div class=\"MsoNormal\" style=\"text-align: justify;\">\n<\/div>\n<p><\/p>\n<div class=\"MsoNormal\" style=\"text-align: justify;\">\nFoto: Roberto Pereira Jr.<\/p>\n<div class=\"separator\" style=\"clear: both; text-align: center;\">\n<a href=\"http:\/\/blogdoedvaldomagalhaes.com.br\/wp-content\/uploads\/2017\/07\/11-Unicompra-8.jpg\" imageanchor=\"1\" style=\"clear: left; float: left; margin-bottom: 1em; margin-right: 1em;\"><img decoding=\"async\" border=\"0\" data-original-height=\"100\" data-original-width=\"570\" src=\"http:\/\/blogdoedvaldomagalhaes.com.br\/wp-content\/uploads\/2017\/07\/11-Unicompra-8.jpg\" \/><\/a><\/div>\n<p><\/div>\n","protected":false},"excerpt":{"rendered":"<p>J\u00e1 est\u00e3o dispon\u00edveis para consulta, as listas com as rela\u00e7\u00f5es dos nomes dos benefici\u00e1rios contemplados pelos im\u00f3veis dos Residenciais Luiz&hellip;<\/p>\n","protected":false},"author":1,"featured_media":0,"comment_status":"open","ping_status":"open","sticky":false,"template":"","format":"standard","meta":{"footnotes":""},"categories":[1],"tags":[2,6959,4980,6],"class_list":["post-5269","post","type-post","status-publish","format-standard","hentry","category-sem-categoria","tag-blog-do-edvaldo-magalhaes","tag-convocados-beneficiarios-aprovados-para-entrega-dos-residenciais-luiz-bezerra-torres-i-e-ii","tag-cras","tag-noticias"],"_links":{"self":[{"href":"https:\/\/blogdoedvaldomagalhaes.com.br\/index.php\/wp-json\/wp\/v2\/posts\/5269","targetHints":{"allow":["GET"]}}],"collection":[{"href":"https:\/\/blogdoedvaldomagalhaes.com.br\/index.php\/wp-json\/wp\/v2\/posts"}],"about":[{"href":"https:\/\/blogdoedvaldomagalhaes.com.br\/index.php\/wp-json\/wp\/v2\/types\/post"}],"author":[{"embeddable":true,"href":"https:\/\/blogdoedvaldomagalhaes.com.br\/index.php\/wp-json\/wp\/v2\/users\/1"}],"replies":[{"embeddable":true,"href":"https:\/\/blogdoedvaldomagalhaes.com.br\/index.php\/wp-json\/wp\/v2\/comments?post=5269"}],"version-history":[{"count":1,"href":"https:\/\/blogdoedvaldomagalhaes.com.br\/index.php\/wp-json\/wp\/v2\/posts\/5269\/revisions"}],"predecessor-version":[{"id":22424,"href":"https:\/\/blogdoedvaldomagalhaes.com.br\/index.php\/wp-json\/wp\/v2\/posts\/5269\/revisions\/22424"}],"wp:attachment":[{"href":"https:\/\/blogdoedvaldomagalhaes.com.br\/index.php\/wp-json\/wp\/v2\/media?parent=5269"}],"wp:term":[{"taxonomy":"category","embeddable":true,"href":"https:\/\/blogdoedvaldomagalhaes.com.br\/index.php\/wp-json\/wp\/v2\/categories?post=5269"},{"taxonomy":"post_tag","embeddable":true,"href":"https:\/\/blogdoedvaldomagalhaes.com.br\/index.php\/wp-json\/wp\/v2\/tags?post=5269"}],"curies":[{"name":"wp","href":"https:\/\/api.w.org\/{rel}","templated":true}]}}