{"id":52688,"date":"2020-03-10T17:33:39","date_gmt":"2020-03-10T20:33:39","guid":{"rendered":"http:\/\/blogdoedvaldomagalhaes.com.br\/?p=52688"},"modified":"2020-03-10T17:33:40","modified_gmt":"2020-03-10T20:33:40","slug":"minha-casa-minha-vida","status":"publish","type":"post","link":"https:\/\/blogdoedvaldomagalhaes.com.br\/index.php\/2020\/03\/10\/minha-casa-minha-vida\/","title":{"rendered":"Minha Casa Minha Vida"},"content":{"rendered":"<div id=\"js_2uk\" class=\"_5pbx userContent _3576\" data-testid=\"post_message\" data-ft=\"{&quot;tn&quot;:&quot;K&quot;}\">\n<p style=\"text-align: justify;\"><span style=\"color: #000000;\">Ter acesso a uma moradia digna \u00e9 a realiza\u00e7\u00e3o de um sonho.\u00a0<span class=\"_5mfr\"><span class=\"_6qdm\">\ud83c\udfe1<\/span><\/span><span class=\"_5mfr\"><span class=\"_6qdm\">\ud83d\udc68\u200d\ud83d\udc69\u200d\ud83d\udc67\u200d\ud83d\udc66<\/span><\/span>\u00a0At\u00e9 agora, 185 fam\u00edlias da zona rural de Caruaru j\u00e1 foram beneficiadas.\u00a0<span class=\"_5mfr\"><span class=\"_6qdm\">\ud83d\udc4f<\/span><\/span><span class=\"_5mfr\"><span class=\"_6qdm\">\ud83d\ude0d<\/span><\/span>\u00a0Espia s\u00f3 que felicidade.\u00a0<span class=\"_5mfr\"><span class=\"_6qdm\">\u25b6<\/span><\/span><span class=\"_5mfr\"><span class=\"_6qdm\">\ud83d\udc9a<\/span><\/span><\/span><\/p>\n<p style=\"text-align: justify;\"><span style=\"color: #000000;\"><a class=\"_58cn\" style=\"color: #000000;\" href=\"https:\/\/www.facebook.com\/hashtag\/programanacionaldehabita%C3%A7%C3%A3orural?source=feed_text&amp;epa=HASHTAG&amp;__xts__%5B0%5D=68.ARCZuXsQOAGGoXcXMe46MSOaE22sXlLa3acCEWh2zaxBIGKxDM5Vjw0-KDoI4-GZOjdTFpQsB2OmshpaCvinOD8g5M3vkRZgFfd2nhaRrAYuYg_GihXirxeuyMGcQz6RWHrl0wcMmisEe1lF2E0bW4ZOHjBEXUnLjeBskrjYgSqasEGxBwmL4DKYgU9e2SOA1WnXE6kWvymb97rbM85IDdwnaxqgFyZBBrX4ML4zJ6rnpU1R3wIqAMhLOTk0e9LVxWFczWWel9ctyGmwEv74IwJXhviSVAPtCGyQi9qBxPy5C1ERpRCKdpRMGC7qsbnBFN5JWzegsUC0mmA&amp;__tn__=%2ANK-R\" data-ft=\"{&quot;type&quot;:104,&quot;tn&quot;:&quot;*N&quot;}\"><span class=\"_5afx\"><span class=\"_58cl _5afz\" aria-label=\"hashtag\">#<\/span><span class=\"_58cm\">ProgramaNacionaldeHabita\u00e7\u00e3oRural<\/span><\/span><\/a><\/span><br \/><span style=\"color: #000000;\"><a class=\"_58cn\" style=\"color: #000000;\" href=\"https:\/\/www.facebook.com\/hashtag\/minhacasaminhavida?source=feed_text&amp;epa=HASHTAG&amp;__xts__%5B0%5D=68.ARCZuXsQOAGGoXcXMe46MSOaE22sXlLa3acCEWh2zaxBIGKxDM5Vjw0-KDoI4-GZOjdTFpQsB2OmshpaCvinOD8g5M3vkRZgFfd2nhaRrAYuYg_GihXirxeuyMGcQz6RWHrl0wcMmisEe1lF2E0bW4ZOHjBEXUnLjeBskrjYgSqasEGxBwmL4DKYgU9e2SOA1WnXE6kWvymb97rbM85IDdwnaxqgFyZBBrX4ML4zJ6rnpU1R3wIqAMhLOTk0e9LVxWFczWWel9ctyGmwEv74IwJXhviSVAPtCGyQi9qBxPy5C1ERpRCKdpRMGC7qsbnBFN5JWzegsUC0mmA&amp;__tn__=%2ANK-R\" data-ft=\"{&quot;type&quot;:104,&quot;tn&quot;:&quot;*N&quot;}\"><span class=\"_5afx\"><span class=\"_58cl _5afz\" aria-label=\"hashtag\">#<\/span><span class=\"_58cm\">MinhaCasaMinhaVida<\/span><\/span><\/a><\/span><br \/><span class=\"_5afx\" style=\"color: #000000;\"><a class=\"_58cn\" style=\"color: #000000;\" href=\"https:\/\/www.facebook.com\/hashtag\/prefeituradecaruaru?source=feed_text&amp;epa=HASHTAG&amp;__xts__%5B0%5D=68.ARCZuXsQOAGGoXcXMe46MSOaE22sXlLa3acCEWh2zaxBIGKxDM5Vjw0-KDoI4-GZOjdTFpQsB2OmshpaCvinOD8g5M3vkRZgFfd2nhaRrAYuYg_GihXirxeuyMGcQz6RWHrl0wcMmisEe1lF2E0bW4ZOHjBEXUnLjeBskrjYgSqasEGxBwmL4DKYgU9e2SOA1WnXE6kWvymb97rbM85IDdwnaxqgFyZBBrX4ML4zJ6rnpU1R3wIqAMhLOTk0e9LVxWFczWWel9ctyGmwEv74IwJXhviSVAPtCGyQi9qBxPy5C1ERpRCKdpRMGC7qsbnBFN5JWzegsUC0mmA&amp;__tn__=%2ANK-R\" data-ft=\"{&quot;type&quot;:104,&quot;tn&quot;:&quot;*N&quot;}\"><span class=\"_58cl _5afz\" aria-label=\"hashtag\">#<\/span><span class=\"_58cm\">PrefeituraDeCaruaru<\/span><\/a><\/span><\/p>\n<\/div>\n\n\n<iframe loading=\"lazy\" src=\"https:\/\/www.facebook.com\/plugins\/video.php?href=https%3A%2F%2Fwww.facebook.com%2Fblogdoedvaldomagalhaes%2Fvideos%2F890227784768222%2F&#038;show_text=1&#038;width=560\" width=\"560\" height=\"508\" style=\"border:none;overflow:hidden\" scrolling=\"no\" frameborder=\"0\" allowTransparency=\"true\" allow=\"encrypted-media\" allowFullScreen=\"true\"><\/iframe>\n","protected":false},"excerpt":{"rendered":"<p>Ter acesso a uma moradia digna \u00e9 a realiza\u00e7\u00e3o de um sonho.\u00a0\ud83c\udfe1\ud83d\udc68\u200d\ud83d\udc69\u200d\ud83d\udc67\u200d\ud83d\udc66\u00a0At\u00e9 agora, 185 fam\u00edlias da zona rural de Caruaru&hellip;<\/p>\n","protected":false},"author":1,"featured_media":52689,"comment_status":"open","ping_status":"open","sticky":false,"template":"","format":"standard","meta":{"footnotes":""},"categories":[14120],"tags":[2,17484,141,15007],"class_list":["post-52688","post","type-post","status-publish","format-standard","has-post-thumbnail","hentry","category-noticias","tag-blog-do-edvaldo-magalhaes","tag-minha-casa-minha-vida","tag-prefeitura-de-caruaru","tag-programa-nacional-de-habitacao-rural"],"_links":{"self":[{"href":"https:\/\/blogdoedvaldomagalhaes.com.br\/index.php\/wp-json\/wp\/v2\/posts\/52688","targetHints":{"allow":["GET"]}}],"collection":[{"href":"https:\/\/blogdoedvaldomagalhaes.com.br\/index.php\/wp-json\/wp\/v2\/posts"}],"about":[{"href":"https:\/\/blogdoedvaldomagalhaes.com.br\/index.php\/wp-json\/wp\/v2\/types\/post"}],"author":[{"embeddable":true,"href":"https:\/\/blogdoedvaldomagalhaes.com.br\/index.php\/wp-json\/wp\/v2\/users\/1"}],"replies":[{"embeddable":true,"href":"https:\/\/blogdoedvaldomagalhaes.com.br\/index.php\/wp-json\/wp\/v2\/comments?post=52688"}],"version-history":[{"count":1,"href":"https:\/\/blogdoedvaldomagalhaes.com.br\/index.php\/wp-json\/wp\/v2\/posts\/52688\/revisions"}],"predecessor-version":[{"id":52690,"href":"https:\/\/blogdoedvaldomagalhaes.com.br\/index.php\/wp-json\/wp\/v2\/posts\/52688\/revisions\/52690"}],"wp:featuredmedia":[{"embeddable":true,"href":"https:\/\/blogdoedvaldomagalhaes.com.br\/index.php\/wp-json\/wp\/v2\/media\/52689"}],"wp:attachment":[{"href":"https:\/\/blogdoedvaldomagalhaes.com.br\/index.php\/wp-json\/wp\/v2\/media?parent=52688"}],"wp:term":[{"taxonomy":"category","embeddable":true,"href":"https:\/\/blogdoedvaldomagalhaes.com.br\/index.php\/wp-json\/wp\/v2\/categories?post=52688"},{"taxonomy":"post_tag","embeddable":true,"href":"https:\/\/blogdoedvaldomagalhaes.com.br\/index.php\/wp-json\/wp\/v2\/tags?post=52688"}],"curies":[{"name":"wp","href":"https:\/\/api.w.org\/{rel}","templated":true}]}}