{"id":52677,"date":"2020-03-10T16:29:43","date_gmt":"2020-03-10T19:29:43","guid":{"rendered":"http:\/\/blogdoedvaldomagalhaes.com.br\/?p=52677"},"modified":"2020-03-10T16:35:34","modified_gmt":"2020-03-10T19:35:34","slug":"comite-permanente-municipal-juntos-pela-seguranca-comemora-a-reducao-dos-indices-de-violencia-no-centro-de-caruaru","status":"publish","type":"post","link":"https:\/\/blogdoedvaldomagalhaes.com.br\/index.php\/2020\/03\/10\/comite-permanente-municipal-juntos-pela-seguranca-comemora-a-reducao-dos-indices-de-violencia-no-centro-de-caruaru\/","title":{"rendered":"Comit\u00ea Permanente Municipal Juntos Pela Seguran\u00e7a comemora a redu\u00e7\u00e3o dos \u00edndices de viol\u00eancia no centro de Caruaru"},"content":{"rendered":"<p style=\"text-align: justify;\"><span style=\"font-size: inherit;\">A Secretaria de Ordem P\u00fablica, ao lado de representantes do poder p\u00fablico federal, estadual e demais entidades, realizou, na manh\u00e3 desta ter\u00e7a-feira (10), a segunda reuni\u00e3o ordin\u00e1ria do ano de 2020 do Comit\u00ea Permanente Municipal Juntos Pela Seguran\u00e7a. O in\u00edcio da reuni\u00e3o foi marcado pelo reconhecimento da prefeita Raquel Lyra ao brilhante trabalho das policiais nos festejos do carnaval da cidade, que duraram o m\u00eas inteiro. As a\u00e7\u00f5es contaram com a parceria da Prefeitura no cumprimento dos protocolos sem nenhum registro de ocorr\u00eancia, recebendo mais de 100 mil foli\u00f5es em um \u00fanico final de semana.<\/span><\/p>\n<p style=\"text-align: justify;\">Ap\u00f3s an\u00e1lise do mapa da viol\u00eancia municipal, realizada pela secret\u00e1ria de Ordem P\u00fablica, Karla Vieira, os membros do comit\u00ea discutiram sobre a redu\u00e7\u00e3o da criminalidade nos bairros em que foram implantados os Conselhos de Seguran\u00e7a Cidad\u00e3 dos Bairros e da Zona Rural (CONSECs), destaque para a redu\u00e7\u00e3o dos n\u00fameros apresentados no m\u00eas de fevereiro. \u201cPodemos aferir a diminui\u00e7\u00e3o em 25% nos n\u00fameros de homic\u00eddios, e tamb\u00e9m a redu\u00e7\u00e3o 1,8% nos \u00edndices de assaltos. O que mais chamou aten\u00e7\u00e3o foram os n\u00fameros apresentados no eixo do centro de nossa cidade, denotamos essa diminui\u00e7\u00e3o a todo o esfor\u00e7o coletivo da gest\u00e3o municipal urbanizando os espa\u00e7os, essas entregas em conjunto com as policias e a guarda municipal nos trazem uma sensa\u00e7\u00e3o a mais de seguran\u00e7a\u201d, pontuou a secret\u00e1ria.<\/p>\n<p style=\"text-align: justify;\">Em alus\u00e3o ao m\u00eas da mulher, a secret\u00e1ria de Pol\u00edtica para Mulheres, Juliana Gouveia, destacou as a\u00e7\u00f5es que ajudam na redu\u00e7\u00e3o dos \u00edndices de viol\u00eancia em Caruaru. \u201cAs campanhas de enfrentamento \u00e0 viol\u00eancia contra a mulher; Patrulha Municipal Maria da Penha; Programa Qualifica, que tr\u00e1s a oportunidade para as mulheres trabalharem e conseguirem o sustento de sua fam\u00edlia; Outubro Rosa; Mulher Empreendedora; Feira Empreendedora; Mulher que faz a diferen\u00e7a; Segunda Corrida e Caminhada Para Todas; Semin\u00e1rio de Garantia de Direitos da para Mulheres e tantas mais a\u00e7\u00f5es que podemos abordar, fizeram a diferen\u00e7a em mais de 40 mil mulheres. Por meio dessas a\u00e7\u00f5es, as vidas dessas mulheres mudaram\u201d, apontou a secret\u00e1ria.<\/p>\n<p style=\"text-align: justify;\">Durante a reuni\u00e3o, um dos pontos debatidos foi dos venezuelanos em Caruaru. \u201cAgrade\u00e7o a oportunidade de debater esse assunto na reuni\u00e3o, na pr\u00f3xima sexta-feira haver\u00e1 uma reuni\u00e3o nas depend\u00eancias da OAB, para a cria\u00e7\u00e3o de uma for\u00e7a tarefa para entender melhor a situa\u00e7\u00e3o desses refugiados em nossa cidade e em toda regi\u00e3o\u201d, confirmou Fernando Santos Junior, presidente da OAB. Na ocasi\u00e3o, o Comunitas Open Society Foundations, entidade parceira do programa Juntos Pela Seguran\u00e7a, mais uma vez, contribuiu com propostas para melhorar ainda mais as a\u00e7\u00f5es do munic\u00edpio.<\/p>\n<p style=\"text-align: justify;\">Sobre o Comit\u00ea \u2013 Consiste numa forte vis\u00e3o de governan\u00e7a, de a\u00e7\u00f5es integradas e de monitoramento da Prefeitura de Caruaru, em esfor\u00e7o articulado com entes como o Minist\u00e9rio P\u00fablico, Defensoria P\u00fablica, Ordem dos Advogados do Brasil, Pol\u00edcias Militar, Civil, Cient\u00edfica, Federal, Rodovi\u00e1ria Federal, Tiro de Guerra, Bombeiro Militar, C\u00e2mara Municipal, Minist\u00e9rio P\u00fablico, Judici\u00e1rio, Disque-Den\u00fancia, FUNASE, BIESP, Conselho Tutelar, Guarda Municipal, Associa\u00e7\u00e3o de Trabalhadores Aut\u00f4nomos, Inspetoria de Tr\u00e2nsito, Penitenci\u00e1ria Juiz Pl\u00e1cido de Souza, sociedade civil, Comunittas, Acic, CONSECs e outras entidades convidadas.<\/p>\n\n\n<figure class=\"wp-block-image size-large\"><img loading=\"lazy\" decoding=\"async\" width=\"1024\" height=\"682\" src=\"http:\/\/blogdoedvaldomagalhaes.com.br\/wp-content\/uploads\/2020\/03\/IMG-20200310-WA0128-1024x682.jpg\" alt=\"\" class=\"wp-image-52680\" srcset=\"https:\/\/blogdoedvaldomagalhaes.com.br\/wp-content\/uploads\/2020\/03\/IMG-20200310-WA0128-1024x682.jpg 1024w, https:\/\/blogdoedvaldomagalhaes.com.br\/wp-content\/uploads\/2020\/03\/IMG-20200310-WA0128-300x200.jpg 300w, https:\/\/blogdoedvaldomagalhaes.com.br\/wp-content\/uploads\/2020\/03\/IMG-20200310-WA0128-768x512.jpg 768w, https:\/\/blogdoedvaldomagalhaes.com.br\/wp-content\/uploads\/2020\/03\/IMG-20200310-WA0128.jpg 1280w\" sizes=\"auto, (max-width: 1024px) 100vw, 1024px\" \/><\/figure>\n\n\n\n<figure class=\"wp-block-image size-large\"><img loading=\"lazy\" decoding=\"async\" width=\"1024\" height=\"682\" src=\"http:\/\/blogdoedvaldomagalhaes.com.br\/wp-content\/uploads\/2020\/03\/IMG-20200310-WA0132-1024x682.jpg\" alt=\"\" class=\"wp-image-52681\" srcset=\"https:\/\/blogdoedvaldomagalhaes.com.br\/wp-content\/uploads\/2020\/03\/IMG-20200310-WA0132-1024x682.jpg 1024w, https:\/\/blogdoedvaldomagalhaes.com.br\/wp-content\/uploads\/2020\/03\/IMG-20200310-WA0132-300x200.jpg 300w, https:\/\/blogdoedvaldomagalhaes.com.br\/wp-content\/uploads\/2020\/03\/IMG-20200310-WA0132-768x512.jpg 768w, https:\/\/blogdoedvaldomagalhaes.com.br\/wp-content\/uploads\/2020\/03\/IMG-20200310-WA0132.jpg 1280w\" sizes=\"auto, (max-width: 1024px) 100vw, 1024px\" \/><\/figure>\n\n\n\n<figure class=\"wp-block-image size-large\"><img loading=\"lazy\" decoding=\"async\" width=\"1024\" height=\"682\" src=\"http:\/\/blogdoedvaldomagalhaes.com.br\/wp-content\/uploads\/2020\/03\/IMG-20200310-WA0131-1024x682.jpg\" alt=\"\" class=\"wp-image-52682\" srcset=\"https:\/\/blogdoedvaldomagalhaes.com.br\/wp-content\/uploads\/2020\/03\/IMG-20200310-WA0131-1024x682.jpg 1024w, https:\/\/blogdoedvaldomagalhaes.com.br\/wp-content\/uploads\/2020\/03\/IMG-20200310-WA0131-300x200.jpg 300w, https:\/\/blogdoedvaldomagalhaes.com.br\/wp-content\/uploads\/2020\/03\/IMG-20200310-WA0131-768x512.jpg 768w, https:\/\/blogdoedvaldomagalhaes.com.br\/wp-content\/uploads\/2020\/03\/IMG-20200310-WA0131.jpg 1280w\" sizes=\"auto, (max-width: 1024px) 100vw, 1024px\" \/><\/figure>\n\n\n\n<figure class=\"wp-block-image size-large\"><img loading=\"lazy\" decoding=\"async\" width=\"1024\" height=\"682\" src=\"http:\/\/blogdoedvaldomagalhaes.com.br\/wp-content\/uploads\/2020\/03\/IMG-20200310-WA0129-1024x682.jpg\" alt=\"\" class=\"wp-image-52683\" srcset=\"https:\/\/blogdoedvaldomagalhaes.com.br\/wp-content\/uploads\/2020\/03\/IMG-20200310-WA0129-1024x682.jpg 1024w, https:\/\/blogdoedvaldomagalhaes.com.br\/wp-content\/uploads\/2020\/03\/IMG-20200310-WA0129-300x200.jpg 300w, https:\/\/blogdoedvaldomagalhaes.com.br\/wp-content\/uploads\/2020\/03\/IMG-20200310-WA0129-768x512.jpg 768w, https:\/\/blogdoedvaldomagalhaes.com.br\/wp-content\/uploads\/2020\/03\/IMG-20200310-WA0129.jpg 1280w\" sizes=\"auto, (max-width: 1024px) 100vw, 1024px\" \/><figcaption>Cr\u00e9ditos: Jana\u00edna Pepeu<\/figcaption><\/figure>\n","protected":false},"excerpt":{"rendered":"<p>A Secretaria de Ordem P\u00fablica, ao lado de representantes do poder p\u00fablico federal, estadual e demais entidades, realizou, na manh\u00e3&hellip;<\/p>\n","protected":false},"author":1,"featured_media":52678,"comment_status":"open","ping_status":"open","sticky":false,"template":"","format":"standard","meta":{"footnotes":""},"categories":[14120],"tags":[2,16881,17482],"class_list":["post-52677","post","type-post","status-publish","format-standard","has-post-thumbnail","hentry","category-noticias","tag-blog-do-edvaldo-magalhaes","tag-caruaru-e-regiao","tag-comite-permanente-municipal-juntos-pela-seguranca-comemora-a-reducao-dos-indices-de-violencia-no-centro-de-caruaru"],"_links":{"self":[{"href":"https:\/\/blogdoedvaldomagalhaes.com.br\/index.php\/wp-json\/wp\/v2\/posts\/52677","targetHints":{"allow":["GET"]}}],"collection":[{"href":"https:\/\/blogdoedvaldomagalhaes.com.br\/index.php\/wp-json\/wp\/v2\/posts"}],"about":[{"href":"https:\/\/blogdoedvaldomagalhaes.com.br\/index.php\/wp-json\/wp\/v2\/types\/post"}],"author":[{"embeddable":true,"href":"https:\/\/blogdoedvaldomagalhaes.com.br\/index.php\/wp-json\/wp\/v2\/users\/1"}],"replies":[{"embeddable":true,"href":"https:\/\/blogdoedvaldomagalhaes.com.br\/index.php\/wp-json\/wp\/v2\/comments?post=52677"}],"version-history":[{"count":2,"href":"https:\/\/blogdoedvaldomagalhaes.com.br\/index.php\/wp-json\/wp\/v2\/posts\/52677\/revisions"}],"predecessor-version":[{"id":52684,"href":"https:\/\/blogdoedvaldomagalhaes.com.br\/index.php\/wp-json\/wp\/v2\/posts\/52677\/revisions\/52684"}],"wp:featuredmedia":[{"embeddable":true,"href":"https:\/\/blogdoedvaldomagalhaes.com.br\/index.php\/wp-json\/wp\/v2\/media\/52678"}],"wp:attachment":[{"href":"https:\/\/blogdoedvaldomagalhaes.com.br\/index.php\/wp-json\/wp\/v2\/media?parent=52677"}],"wp:term":[{"taxonomy":"category","embeddable":true,"href":"https:\/\/blogdoedvaldomagalhaes.com.br\/index.php\/wp-json\/wp\/v2\/categories?post=52677"},{"taxonomy":"post_tag","embeddable":true,"href":"https:\/\/blogdoedvaldomagalhaes.com.br\/index.php\/wp-json\/wp\/v2\/tags?post=52677"}],"curies":[{"name":"wp","href":"https:\/\/api.w.org\/{rel}","templated":true}]}}