{"id":52674,"date":"2020-03-10T16:12:57","date_gmt":"2020-03-10T19:12:57","guid":{"rendered":"http:\/\/blogdoedvaldomagalhaes.com.br\/?p=52674"},"modified":"2020-03-10T16:13:01","modified_gmt":"2020-03-10T19:13:01","slug":"prefeitura-de-caruaru-abre-inscricoes-para-curso-de-cerimonialista","status":"publish","type":"post","link":"https:\/\/blogdoedvaldomagalhaes.com.br\/index.php\/2020\/03\/10\/prefeitura-de-caruaru-abre-inscricoes-para-curso-de-cerimonialista\/","title":{"rendered":"Prefeitura de Caruaru abre inscri\u00e7\u00f5es para curso de cerimonialista"},"content":{"rendered":"<p style=\"text-align: justify;\"><span style=\"font-size: inherit;\">A Prefeitura de Caruaru, em parceria com a plataforma Transforma, abriu inscri\u00e7\u00f5es para um curso de cerimonialista. Esta forma\u00e7\u00e3o tem objetivo de preparar o profissional desta \u00e1rea, dar instru\u00e7\u00f5es de como montar seu pr\u00f3prio cerimonial e como atuar em diversos eventos. Os interessados devem efetuar suas inscri\u00e7\u00f5es at\u00e9 o dia 13 de mar\u00e7o na Casa das Juventudes, apresentando RG, CPF e o comprovante de resid\u00eancia.<\/span><\/p>\n<p style=\"text-align: justify;\">Estas aulas v\u00e3o acontecer nos dias 17,18 e 19 de mar\u00e7o na Casa das Juventudes e todas as aulas ter\u00e3o quatro horas de dura\u00e7\u00e3o. O curso ir\u00e1 apresentar aos alunos desde o primeiro contato com o cliente at\u00e9 como ele deve agir em diferentes tipos de eventos.<\/p>\n<p style=\"text-align: justify;\">O objetivo deste projeto \u00e9 apresentar diversas possibilidades de trabalho e ao mesmo tempo ensinar como empreender na \u00e1rea de eventos em geral. O endere\u00e7o da Casa das Juventudes \u00e9 Rua Maria Celestina de Queir\u00f3s, n\u00famero 109, Bairro S\u00e3o Francisco (pr\u00f3ximo ao Parque Ecol\u00f3gico). O hor\u00e1rio \u00e9 das 8h \u00e0s 17h. Mais informa\u00e7\u00f5es podem ser obtidas por meio do n\u00famero (81) 3724-0208.<\/p>\n","protected":false},"excerpt":{"rendered":"<p>A Prefeitura de Caruaru, em parceria com a plataforma Transforma, abriu inscri\u00e7\u00f5es para um curso de cerimonialista. Esta forma\u00e7\u00e3o tem&hellip;<\/p>\n","protected":false},"author":1,"featured_media":52675,"comment_status":"open","ping_status":"open","sticky":false,"template":"","format":"standard","meta":{"footnotes":""},"categories":[14120],"tags":[2,16881,17481],"class_list":["post-52674","post","type-post","status-publish","format-standard","has-post-thumbnail","hentry","category-noticias","tag-blog-do-edvaldo-magalhaes","tag-caruaru-e-regiao","tag-prefeitura-de-caruaru-abre-inscricoes-para-curso-de-cerimonialista"],"_links":{"self":[{"href":"https:\/\/blogdoedvaldomagalhaes.com.br\/index.php\/wp-json\/wp\/v2\/posts\/52674","targetHints":{"allow":["GET"]}}],"collection":[{"href":"https:\/\/blogdoedvaldomagalhaes.com.br\/index.php\/wp-json\/wp\/v2\/posts"}],"about":[{"href":"https:\/\/blogdoedvaldomagalhaes.com.br\/index.php\/wp-json\/wp\/v2\/types\/post"}],"author":[{"embeddable":true,"href":"https:\/\/blogdoedvaldomagalhaes.com.br\/index.php\/wp-json\/wp\/v2\/users\/1"}],"replies":[{"embeddable":true,"href":"https:\/\/blogdoedvaldomagalhaes.com.br\/index.php\/wp-json\/wp\/v2\/comments?post=52674"}],"version-history":[{"count":1,"href":"https:\/\/blogdoedvaldomagalhaes.com.br\/index.php\/wp-json\/wp\/v2\/posts\/52674\/revisions"}],"predecessor-version":[{"id":52676,"href":"https:\/\/blogdoedvaldomagalhaes.com.br\/index.php\/wp-json\/wp\/v2\/posts\/52674\/revisions\/52676"}],"wp:featuredmedia":[{"embeddable":true,"href":"https:\/\/blogdoedvaldomagalhaes.com.br\/index.php\/wp-json\/wp\/v2\/media\/52675"}],"wp:attachment":[{"href":"https:\/\/blogdoedvaldomagalhaes.com.br\/index.php\/wp-json\/wp\/v2\/media?parent=52674"}],"wp:term":[{"taxonomy":"category","embeddable":true,"href":"https:\/\/blogdoedvaldomagalhaes.com.br\/index.php\/wp-json\/wp\/v2\/categories?post=52674"},{"taxonomy":"post_tag","embeddable":true,"href":"https:\/\/blogdoedvaldomagalhaes.com.br\/index.php\/wp-json\/wp\/v2\/tags?post=52674"}],"curies":[{"name":"wp","href":"https:\/\/api.w.org\/{rel}","templated":true}]}}