{"id":52668,"date":"2020-03-09T23:26:50","date_gmt":"2020-03-10T02:26:50","guid":{"rendered":"http:\/\/blogdoedvaldomagalhaes.com.br\/?p=52668"},"modified":"2020-03-09T23:26:54","modified_gmt":"2020-03-10T02:26:54","slug":"escola-municipal-francisco-borges-e-requalificada-e-entregue-a-populacao","status":"publish","type":"post","link":"https:\/\/blogdoedvaldomagalhaes.com.br\/index.php\/2020\/03\/09\/escola-municipal-francisco-borges-e-requalificada-e-entregue-a-populacao\/","title":{"rendered":"Escola Municipal Francisco Borges \u00e9 requalificada e entregue \u00e0 popula\u00e7\u00e3o"},"content":{"rendered":"<p style=\"text-align: justify;\"><span style=\"font-size: inherit;\">A prefeita de Caruaru, Raquel Lyra (PSDB), entregou aos moradores do S\u00edtio Serra Verde, na tarde desta segunda-feira (09), as novas instala\u00e7\u00f5es da Escola Municipal Francisco Borges. A requalifica\u00e7\u00e3o vai beneficiar cerca de 70 estudantes matriculados desde a Educa\u00e7\u00e3o Infantil at\u00e9 o Ensino Fundamental.<\/span><\/p>\n<p style=\"text-align: justify;\">Para a agricultora, Maria Aparecida, a finaliza\u00e7\u00e3o das obras \u00e9 um sonho realizado. \u201cAntes nossos filhos n\u00e3o tinham um lugar adequado para estudar, porque o pr\u00e9dio n\u00e3o tinha condi\u00e7\u00f5es de uso, pois apresentava riscos a integridade f\u00edsica dos alunos. Agora toda a comunidade est\u00e1 feliz por saber que nossas crian\u00e7as t\u00eam um espa\u00e7o prop\u00edcio para estudar\u201d, afirmou.<\/p>\n<p style=\"text-align: justify;\">A estudante, Laura Alves, 05 anos, agradeceu pela nova estrutura. \u201cEu quero parabenizar a prefeita Raquel Lyra pois minha escola est\u00e1 linda e al\u00e9m de estudar a gente vai poder brincar\u201d, comemorou.<\/p>\n<p style=\"text-align: justify;\">Raquel Lyra garantiu que \u00e9 poss\u00edvel transformar Caruaru pela educa\u00e7\u00e3o. \u201cN\u00e3o \u00e9 um trabalho f\u00e1cil, s\u00e3o mais de 140 pr\u00e9dios e a grande maioria desses pr\u00e9dios estava h\u00e1 mais de 40 anos sem reforma. Nos comprometemos a fazer diferente para garantir o futuro dessas crian\u00e7as. Foram quase R$ 800 mil de investimento. Agrade\u00e7o principalmente \u00e0s crian\u00e7as pela paci\u00eancia na espera por uma estrutura melhor. E agora podemos comemorar essa conquista\u201d.<\/p>\n\n\n<figure class=\"wp-block-image size-large\"><img loading=\"lazy\" decoding=\"async\" width=\"1024\" height=\"682\" src=\"http:\/\/blogdoedvaldomagalhaes.com.br\/wp-content\/uploads\/2020\/03\/IMG-20200309-WA0105-1024x682.jpg\" alt=\"\" class=\"wp-image-52670\" srcset=\"https:\/\/blogdoedvaldomagalhaes.com.br\/wp-content\/uploads\/2020\/03\/IMG-20200309-WA0105-1024x682.jpg 1024w, https:\/\/blogdoedvaldomagalhaes.com.br\/wp-content\/uploads\/2020\/03\/IMG-20200309-WA0105-300x200.jpg 300w, https:\/\/blogdoedvaldomagalhaes.com.br\/wp-content\/uploads\/2020\/03\/IMG-20200309-WA0105-768x512.jpg 768w, https:\/\/blogdoedvaldomagalhaes.com.br\/wp-content\/uploads\/2020\/03\/IMG-20200309-WA0105.jpg 1280w\" sizes=\"auto, (max-width: 1024px) 100vw, 1024px\" \/><\/figure>\n\n\n\n<figure class=\"wp-block-image size-large\"><img loading=\"lazy\" decoding=\"async\" width=\"1024\" height=\"682\" src=\"http:\/\/blogdoedvaldomagalhaes.com.br\/wp-content\/uploads\/2020\/03\/IMG-20200309-WA0110-1024x682.jpg\" alt=\"\" class=\"wp-image-52671\" srcset=\"https:\/\/blogdoedvaldomagalhaes.com.br\/wp-content\/uploads\/2020\/03\/IMG-20200309-WA0110-1024x682.jpg 1024w, https:\/\/blogdoedvaldomagalhaes.com.br\/wp-content\/uploads\/2020\/03\/IMG-20200309-WA0110-300x200.jpg 300w, https:\/\/blogdoedvaldomagalhaes.com.br\/wp-content\/uploads\/2020\/03\/IMG-20200309-WA0110-768x512.jpg 768w, https:\/\/blogdoedvaldomagalhaes.com.br\/wp-content\/uploads\/2020\/03\/IMG-20200309-WA0110.jpg 1280w\" sizes=\"auto, (max-width: 1024px) 100vw, 1024px\" \/><\/figure>\n\n\n\n<figure class=\"wp-block-image size-large\"><img loading=\"lazy\" decoding=\"async\" width=\"1024\" height=\"682\" src=\"http:\/\/blogdoedvaldomagalhaes.com.br\/wp-content\/uploads\/2020\/03\/IMG-20200309-WA0107-1024x682.jpg\" alt=\"\" class=\"wp-image-52672\" srcset=\"https:\/\/blogdoedvaldomagalhaes.com.br\/wp-content\/uploads\/2020\/03\/IMG-20200309-WA0107-1024x682.jpg 1024w, https:\/\/blogdoedvaldomagalhaes.com.br\/wp-content\/uploads\/2020\/03\/IMG-20200309-WA0107-300x200.jpg 300w, https:\/\/blogdoedvaldomagalhaes.com.br\/wp-content\/uploads\/2020\/03\/IMG-20200309-WA0107-768x512.jpg 768w, https:\/\/blogdoedvaldomagalhaes.com.br\/wp-content\/uploads\/2020\/03\/IMG-20200309-WA0107.jpg 1280w\" sizes=\"auto, (max-width: 1024px) 100vw, 1024px\" \/><\/figure>\n\n\n\n<figure class=\"wp-block-image size-large\"><img loading=\"lazy\" decoding=\"async\" width=\"1024\" height=\"682\" src=\"http:\/\/blogdoedvaldomagalhaes.com.br\/wp-content\/uploads\/2020\/03\/IMG-20200309-WA0107-1024x682.jpg\" alt=\"\" class=\"wp-image-52672\" srcset=\"https:\/\/blogdoedvaldomagalhaes.com.br\/wp-content\/uploads\/2020\/03\/IMG-20200309-WA0107-1024x682.jpg 1024w, https:\/\/blogdoedvaldomagalhaes.com.br\/wp-content\/uploads\/2020\/03\/IMG-20200309-WA0107-300x200.jpg 300w, https:\/\/blogdoedvaldomagalhaes.com.br\/wp-content\/uploads\/2020\/03\/IMG-20200309-WA0107-768x512.jpg 768w, https:\/\/blogdoedvaldomagalhaes.com.br\/wp-content\/uploads\/2020\/03\/IMG-20200309-WA0107.jpg 1280w\" sizes=\"auto, (max-width: 1024px) 100vw, 1024px\" \/><\/figure>\n","protected":false},"excerpt":{"rendered":"<p>A prefeita de Caruaru, Raquel Lyra (PSDB), entregou aos moradores do S\u00edtio Serra Verde, na tarde desta segunda-feira (09), as&hellip;<\/p>\n","protected":false},"author":1,"featured_media":52669,"comment_status":"open","ping_status":"open","sticky":false,"template":"","format":"standard","meta":{"footnotes":""},"categories":[14120],"tags":[2,16881,17480],"class_list":["post-52668","post","type-post","status-publish","format-standard","has-post-thumbnail","hentry","category-noticias","tag-blog-do-edvaldo-magalhaes","tag-caruaru-e-regiao","tag-escola-municipal-francisco-borges-e-requalificada-e-entregue-a-populacao"],"_links":{"self":[{"href":"https:\/\/blogdoedvaldomagalhaes.com.br\/index.php\/wp-json\/wp\/v2\/posts\/52668","targetHints":{"allow":["GET"]}}],"collection":[{"href":"https:\/\/blogdoedvaldomagalhaes.com.br\/index.php\/wp-json\/wp\/v2\/posts"}],"about":[{"href":"https:\/\/blogdoedvaldomagalhaes.com.br\/index.php\/wp-json\/wp\/v2\/types\/post"}],"author":[{"embeddable":true,"href":"https:\/\/blogdoedvaldomagalhaes.com.br\/index.php\/wp-json\/wp\/v2\/users\/1"}],"replies":[{"embeddable":true,"href":"https:\/\/blogdoedvaldomagalhaes.com.br\/index.php\/wp-json\/wp\/v2\/comments?post=52668"}],"version-history":[{"count":1,"href":"https:\/\/blogdoedvaldomagalhaes.com.br\/index.php\/wp-json\/wp\/v2\/posts\/52668\/revisions"}],"predecessor-version":[{"id":52673,"href":"https:\/\/blogdoedvaldomagalhaes.com.br\/index.php\/wp-json\/wp\/v2\/posts\/52668\/revisions\/52673"}],"wp:featuredmedia":[{"embeddable":true,"href":"https:\/\/blogdoedvaldomagalhaes.com.br\/index.php\/wp-json\/wp\/v2\/media\/52669"}],"wp:attachment":[{"href":"https:\/\/blogdoedvaldomagalhaes.com.br\/index.php\/wp-json\/wp\/v2\/media?parent=52668"}],"wp:term":[{"taxonomy":"category","embeddable":true,"href":"https:\/\/blogdoedvaldomagalhaes.com.br\/index.php\/wp-json\/wp\/v2\/categories?post=52668"},{"taxonomy":"post_tag","embeddable":true,"href":"https:\/\/blogdoedvaldomagalhaes.com.br\/index.php\/wp-json\/wp\/v2\/tags?post=52668"}],"curies":[{"name":"wp","href":"https:\/\/api.w.org\/{rel}","templated":true}]}}