{"id":52662,"date":"2020-03-09T11:41:09","date_gmt":"2020-03-09T14:41:09","guid":{"rendered":"http:\/\/blogdoedvaldomagalhaes.com.br\/?p=52662"},"modified":"2020-03-09T13:50:07","modified_gmt":"2020-03-09T16:50:07","slug":"hra-procura-familiares-de-paciente-em-estado-grave","status":"publish","type":"post","link":"https:\/\/blogdoedvaldomagalhaes.com.br\/index.php\/2020\/03\/09\/hra-procura-familiares-de-paciente-em-estado-grave\/","title":{"rendered":"HRA procura familiares de paciente em estado grave"},"content":{"rendered":"<p style=\"text-align: justify;\">Este paciente deu entrada no Hospital Regional do Agreste (HRA), em Caruaru, na madrugada desse domingo (08), v\u00edtima de espancamento, sendo socorrido pelo SAMU. Ele n\u00e3o portava nenhum documento, n\u00e3o est\u00e1 orientado e ser\u00e1 transferido para o Hospital da Restaura\u00e7\u00e3o (HR), em Recife. A unidade solicita que algum parente ou conhecido compare\u00e7a ao Servi\u00e7o Social do HRA ou entre em contato com o Hospital da Restaura\u00e7\u00e3o.<\/p>\n","protected":false},"excerpt":{"rendered":"<p>Este paciente deu entrada no Hospital Regional do Agreste (HRA), em Caruaru, na madrugada desse domingo (08), v\u00edtima de espancamento,&hellip;<\/p>\n","protected":false},"author":1,"featured_media":52663,"comment_status":"open","ping_status":"open","sticky":false,"template":"","format":"standard","meta":{"footnotes":""},"categories":[14120],"tags":[16881,17479],"class_list":["post-52662","post","type-post","status-publish","format-standard","has-post-thumbnail","hentry","category-noticias","tag-caruaru-e-regiao","tag-hra-procura-familiares-de-paciente-em-estado-grave"],"_links":{"self":[{"href":"https:\/\/blogdoedvaldomagalhaes.com.br\/index.php\/wp-json\/wp\/v2\/posts\/52662","targetHints":{"allow":["GET"]}}],"collection":[{"href":"https:\/\/blogdoedvaldomagalhaes.com.br\/index.php\/wp-json\/wp\/v2\/posts"}],"about":[{"href":"https:\/\/blogdoedvaldomagalhaes.com.br\/index.php\/wp-json\/wp\/v2\/types\/post"}],"author":[{"embeddable":true,"href":"https:\/\/blogdoedvaldomagalhaes.com.br\/index.php\/wp-json\/wp\/v2\/users\/1"}],"replies":[{"embeddable":true,"href":"https:\/\/blogdoedvaldomagalhaes.com.br\/index.php\/wp-json\/wp\/v2\/comments?post=52662"}],"version-history":[{"count":2,"href":"https:\/\/blogdoedvaldomagalhaes.com.br\/index.php\/wp-json\/wp\/v2\/posts\/52662\/revisions"}],"predecessor-version":[{"id":52665,"href":"https:\/\/blogdoedvaldomagalhaes.com.br\/index.php\/wp-json\/wp\/v2\/posts\/52662\/revisions\/52665"}],"wp:featuredmedia":[{"embeddable":true,"href":"https:\/\/blogdoedvaldomagalhaes.com.br\/index.php\/wp-json\/wp\/v2\/media\/52663"}],"wp:attachment":[{"href":"https:\/\/blogdoedvaldomagalhaes.com.br\/index.php\/wp-json\/wp\/v2\/media?parent=52662"}],"wp:term":[{"taxonomy":"category","embeddable":true,"href":"https:\/\/blogdoedvaldomagalhaes.com.br\/index.php\/wp-json\/wp\/v2\/categories?post=52662"},{"taxonomy":"post_tag","embeddable":true,"href":"https:\/\/blogdoedvaldomagalhaes.com.br\/index.php\/wp-json\/wp\/v2\/tags?post=52662"}],"curies":[{"name":"wp","href":"https:\/\/api.w.org\/{rel}","templated":true}]}}