{"id":52652,"date":"2020-03-08T21:03:36","date_gmt":"2020-03-09T00:03:36","guid":{"rendered":"http:\/\/blogdoedvaldomagalhaes.com.br\/?p=52652"},"modified":"2020-03-08T21:08:24","modified_gmt":"2020-03-09T00:08:24","slug":"calendario-de-abastecimento-de-agua-do-mes-de-marco-em-caruaru","status":"publish","type":"post","link":"https:\/\/blogdoedvaldomagalhaes.com.br\/index.php\/2020\/03\/08\/calendario-de-abastecimento-de-agua-do-mes-de-marco-em-caruaru\/","title":{"rendered":"Calend\u00e1rio de abastecimento de \u00e1gua do m\u00eas de mar\u00e7o em Caruaru"},"content":{"rendered":"<p style=\"text-align: justify;\">A Compesa segue no m\u00eas de mar\u00e7o em Caruaru com o rod\u00edzio de abastecimento 5 dias com \u00e1gua e 15 sem. Para saber quais os dias com \u00e1gua, os moradores devem acessar o site da Compesa.<\/p>\n<p style=\"text-align: justify;\"><a href=\"https:\/\/servicos.compesa.com.br\/calendario-de-abastecimento-da-compesa\/\"><strong>CONFIRA O CALEND\u00c1RIO<\/strong><\/a><\/p>\n","protected":false},"excerpt":{"rendered":"<p>A Compesa segue no m\u00eas de mar\u00e7o em Caruaru com o rod\u00edzio de abastecimento 5 dias com \u00e1gua e 15&hellip;<\/p>\n","protected":false},"author":1,"featured_media":52655,"comment_status":"open","ping_status":"open","sticky":false,"template":"","format":"standard","meta":{"footnotes":""},"categories":[14120],"tags":[2,16881,17477],"class_list":["post-52652","post","type-post","status-publish","format-standard","has-post-thumbnail","hentry","category-noticias","tag-blog-do-edvaldo-magalhaes","tag-caruaru-e-regiao","tag-confira-o-calendario-de-abastecimento-de-agua-do-mes-de-marco-em-caruaru"],"_links":{"self":[{"href":"https:\/\/blogdoedvaldomagalhaes.com.br\/index.php\/wp-json\/wp\/v2\/posts\/52652","targetHints":{"allow":["GET"]}}],"collection":[{"href":"https:\/\/blogdoedvaldomagalhaes.com.br\/index.php\/wp-json\/wp\/v2\/posts"}],"about":[{"href":"https:\/\/blogdoedvaldomagalhaes.com.br\/index.php\/wp-json\/wp\/v2\/types\/post"}],"author":[{"embeddable":true,"href":"https:\/\/blogdoedvaldomagalhaes.com.br\/index.php\/wp-json\/wp\/v2\/users\/1"}],"replies":[{"embeddable":true,"href":"https:\/\/blogdoedvaldomagalhaes.com.br\/index.php\/wp-json\/wp\/v2\/comments?post=52652"}],"version-history":[{"count":2,"href":"https:\/\/blogdoedvaldomagalhaes.com.br\/index.php\/wp-json\/wp\/v2\/posts\/52652\/revisions"}],"predecessor-version":[{"id":52654,"href":"https:\/\/blogdoedvaldomagalhaes.com.br\/index.php\/wp-json\/wp\/v2\/posts\/52652\/revisions\/52654"}],"wp:featuredmedia":[{"embeddable":true,"href":"https:\/\/blogdoedvaldomagalhaes.com.br\/index.php\/wp-json\/wp\/v2\/media\/52655"}],"wp:attachment":[{"href":"https:\/\/blogdoedvaldomagalhaes.com.br\/index.php\/wp-json\/wp\/v2\/media?parent=52652"}],"wp:term":[{"taxonomy":"category","embeddable":true,"href":"https:\/\/blogdoedvaldomagalhaes.com.br\/index.php\/wp-json\/wp\/v2\/categories?post=52652"},{"taxonomy":"post_tag","embeddable":true,"href":"https:\/\/blogdoedvaldomagalhaes.com.br\/index.php\/wp-json\/wp\/v2\/tags?post=52652"}],"curies":[{"name":"wp","href":"https:\/\/api.w.org\/{rel}","templated":true}]}}