{"id":52647,"date":"2020-03-08T20:31:31","date_gmt":"2020-03-08T23:31:31","guid":{"rendered":"http:\/\/blogdoedvaldomagalhaes.com.br\/?p=52647"},"modified":"2020-03-08T20:36:42","modified_gmt":"2020-03-08T23:36:42","slug":"jovem-morre-apos-colidir-moto-em-muro-na-zona-rural-de-riacho-das-almas","status":"publish","type":"post","link":"https:\/\/blogdoedvaldomagalhaes.com.br\/index.php\/2020\/03\/08\/jovem-morre-apos-colidir-moto-em-muro-na-zona-rural-de-riacho-das-almas\/","title":{"rendered":"Jovem morre ap\u00f3s colidir moto em muro na zona rural de Riacho das Almas"},"content":{"rendered":"<p style=\"text-align: justify;\">Um jovem morreu em um acidente na tarde deste domingo (08), na Vila de Vitorino, zona rural de Riacho das Almas, Agreste de Pernambuco. Jefferson da Silva de Oliveira, 22 anos, conduzia uma moto e bateu em um muro.<\/p>\n<p style=\"text-align: justify;\">A v\u00edtima morava no S\u00edtio Lagoa Salgada, zona rural de Caruaru. O corpo foi encaminhado para o Instituto de Medicina Legal (IML) de Caruaru.<\/p>\n<div class=\"post-views post-141924 entry-meta\" style=\"text-align: justify;\">&nbsp;Informa\u00e7\u00f5es: R\u00e1dio Liberdade.<\/div>\n<div>Foto: Renan Funer\u00e1ria\/Cortesia.<\/div>\n\n\n<figure class=\"wp-block-image size-large\"><img loading=\"lazy\" decoding=\"async\" width=\"720\" height=\"960\" src=\"http:\/\/blogdoedvaldomagalhaes.com.br\/wp-content\/uploads\/2020\/03\/IMG-20200308-WA0124.jpg\" alt=\"\" class=\"wp-image-52650\" srcset=\"https:\/\/blogdoedvaldomagalhaes.com.br\/wp-content\/uploads\/2020\/03\/IMG-20200308-WA0124.jpg 720w, https:\/\/blogdoedvaldomagalhaes.com.br\/wp-content\/uploads\/2020\/03\/IMG-20200308-WA0124-225x300.jpg 225w\" sizes=\"auto, (max-width: 720px) 100vw, 720px\" \/><figcaption>V\u00edtima<\/figcaption><\/figure>\n","protected":false},"excerpt":{"rendered":"<p>Um jovem morreu em um acidente na tarde deste domingo (08), na Vila de Vitorino, zona rural de Riacho das&hellip;<\/p>\n","protected":false},"author":1,"featured_media":52648,"comment_status":"open","ping_status":"open","sticky":false,"template":"","format":"standard","meta":{"footnotes":""},"categories":[14120],"tags":[16881],"class_list":["post-52647","post","type-post","status-publish","format-standard","has-post-thumbnail","hentry","category-noticias","tag-caruaru-e-regiao"],"_links":{"self":[{"href":"https:\/\/blogdoedvaldomagalhaes.com.br\/index.php\/wp-json\/wp\/v2\/posts\/52647","targetHints":{"allow":["GET"]}}],"collection":[{"href":"https:\/\/blogdoedvaldomagalhaes.com.br\/index.php\/wp-json\/wp\/v2\/posts"}],"about":[{"href":"https:\/\/blogdoedvaldomagalhaes.com.br\/index.php\/wp-json\/wp\/v2\/types\/post"}],"author":[{"embeddable":true,"href":"https:\/\/blogdoedvaldomagalhaes.com.br\/index.php\/wp-json\/wp\/v2\/users\/1"}],"replies":[{"embeddable":true,"href":"https:\/\/blogdoedvaldomagalhaes.com.br\/index.php\/wp-json\/wp\/v2\/comments?post=52647"}],"version-history":[{"count":2,"href":"https:\/\/blogdoedvaldomagalhaes.com.br\/index.php\/wp-json\/wp\/v2\/posts\/52647\/revisions"}],"predecessor-version":[{"id":52651,"href":"https:\/\/blogdoedvaldomagalhaes.com.br\/index.php\/wp-json\/wp\/v2\/posts\/52647\/revisions\/52651"}],"wp:featuredmedia":[{"embeddable":true,"href":"https:\/\/blogdoedvaldomagalhaes.com.br\/index.php\/wp-json\/wp\/v2\/media\/52648"}],"wp:attachment":[{"href":"https:\/\/blogdoedvaldomagalhaes.com.br\/index.php\/wp-json\/wp\/v2\/media?parent=52647"}],"wp:term":[{"taxonomy":"category","embeddable":true,"href":"https:\/\/blogdoedvaldomagalhaes.com.br\/index.php\/wp-json\/wp\/v2\/categories?post=52647"},{"taxonomy":"post_tag","embeddable":true,"href":"https:\/\/blogdoedvaldomagalhaes.com.br\/index.php\/wp-json\/wp\/v2\/tags?post=52647"}],"curies":[{"name":"wp","href":"https:\/\/api.w.org\/{rel}","templated":true}]}}