{"id":52638,"date":"2020-03-08T18:41:20","date_gmt":"2020-03-08T21:41:20","guid":{"rendered":"http:\/\/blogdoedvaldomagalhaes.com.br\/?p=52638"},"modified":"2020-03-08T19:05:30","modified_gmt":"2020-03-08T22:05:30","slug":"central-empata-com-o-afogados-e-gol-anulado-causa-polemica","status":"publish","type":"post","link":"https:\/\/blogdoedvaldomagalhaes.com.br\/index.php\/2020\/03\/08\/central-empata-com-o-afogados-e-gol-anulado-causa-polemica\/","title":{"rendered":"Central empata com o Afogados e gol anulado causa pol\u00eamica"},"content":{"rendered":"<p style=\"text-align: justify;\">Em um jogo bastante movimentado e pol\u00eamico, Central e Afogados empataram por 1 a 1, na tarde deste domingo (08), no Est\u00e1dio Luiz Jos\u00e9 de Lacerda (Lacerd\u00e3o), em Caruaru. O time sertanejo abriu o placar no final do 1\u00b0 tempo e o time caruaruense empatou no 2\u00b0 tempo.<\/p>\n<p style=\"text-align: justify;\">Pol\u00eamica: A Patativa do Agreste fez um gol no final do jogo, a arbitragem confirmou, o Afogados reclamou de um toque de m\u00e3o do atacante alvi-negro, gerando uma confus\u00e3o no banco de reservas do time visitante, resultando na expuls\u00e3o do atleta Douglas Bomba. O \u00e1rbitro anulou o gol do Central, e gerou reclama\u00e7\u00f5es do time caruaruense. V\u00eddeos de TVs mostram que o gol foi irregular, o atleta centralino usou a m\u00e3o.<\/p>\n","protected":false},"excerpt":{"rendered":"<p>Em um jogo bastante movimentado e pol\u00eamico, Central e Afogados empataram por 1 a 1, na tarde deste domingo (08),&hellip;<\/p>\n","protected":false},"author":1,"featured_media":52639,"comment_status":"open","ping_status":"open","sticky":false,"template":"","format":"standard","meta":{"footnotes":""},"categories":[14124],"tags":[16881,17475],"class_list":["post-52638","post","type-post","status-publish","format-standard","has-post-thumbnail","hentry","category-centralsc","tag-caruaru-e-regiao","tag-central-empata-com-o-afogados-e-gol-anulado-causa-polemica"],"_links":{"self":[{"href":"https:\/\/blogdoedvaldomagalhaes.com.br\/index.php\/wp-json\/wp\/v2\/posts\/52638","targetHints":{"allow":["GET"]}}],"collection":[{"href":"https:\/\/blogdoedvaldomagalhaes.com.br\/index.php\/wp-json\/wp\/v2\/posts"}],"about":[{"href":"https:\/\/blogdoedvaldomagalhaes.com.br\/index.php\/wp-json\/wp\/v2\/types\/post"}],"author":[{"embeddable":true,"href":"https:\/\/blogdoedvaldomagalhaes.com.br\/index.php\/wp-json\/wp\/v2\/users\/1"}],"replies":[{"embeddable":true,"href":"https:\/\/blogdoedvaldomagalhaes.com.br\/index.php\/wp-json\/wp\/v2\/comments?post=52638"}],"version-history":[{"count":6,"href":"https:\/\/blogdoedvaldomagalhaes.com.br\/index.php\/wp-json\/wp\/v2\/posts\/52638\/revisions"}],"predecessor-version":[{"id":52646,"href":"https:\/\/blogdoedvaldomagalhaes.com.br\/index.php\/wp-json\/wp\/v2\/posts\/52638\/revisions\/52646"}],"wp:featuredmedia":[{"embeddable":true,"href":"https:\/\/blogdoedvaldomagalhaes.com.br\/index.php\/wp-json\/wp\/v2\/media\/52639"}],"wp:attachment":[{"href":"https:\/\/blogdoedvaldomagalhaes.com.br\/index.php\/wp-json\/wp\/v2\/media?parent=52638"}],"wp:term":[{"taxonomy":"category","embeddable":true,"href":"https:\/\/blogdoedvaldomagalhaes.com.br\/index.php\/wp-json\/wp\/v2\/categories?post=52638"},{"taxonomy":"post_tag","embeddable":true,"href":"https:\/\/blogdoedvaldomagalhaes.com.br\/index.php\/wp-json\/wp\/v2\/tags?post=52638"}],"curies":[{"name":"wp","href":"https:\/\/api.w.org\/{rel}","templated":true}]}}