{"id":52634,"date":"2020-03-08T08:40:31","date_gmt":"2020-03-08T11:40:31","guid":{"rendered":"http:\/\/blogdoedvaldomagalhaes.com.br\/?p=52634"},"modified":"2020-03-08T08:42:42","modified_gmt":"2020-03-08T11:42:42","slug":"dia-da-mulher-e-poucas-visitas-as-mulheres-presas-em-pernambuco","status":"publish","type":"post","link":"https:\/\/blogdoedvaldomagalhaes.com.br\/index.php\/2020\/03\/08\/dia-da-mulher-e-poucas-visitas-as-mulheres-presas-em-pernambuco\/","title":{"rendered":"Dia da Mulher e poucas visitas \u00e0s mulheres presas em Pernambuco"},"content":{"rendered":"<p style=\"text-align: justify;\">A Secretaria de Justi\u00e7a e Direitos Humanos divulgou o balan\u00e7o de visitas nas unidades prisionais no \u00faltimo final de semana. Menos de 3% das presas recebem visitas de familiares ou companheiros.<\/p>\n<p style=\"text-align: justify;\">Neste domingo (08 de Mar\u00e7o) comemora-se o Dia Internacional da Mulher. A Secretaria de Justi\u00e7a e Direitos Humanos de Pernambuco, atrav\u00e9s da Executiva de Ressocializa\u00e7\u00e3o (Seres), informa o levantamento de visitas nas 23 unidades prisionais do Estado no \u00faltimo final de semana de (29 de fevereiro e 01 de mar\u00e7o). Num comparativo entre pres\u00eddios masculinos e femininos, o dado mostra o abandono da mulher presa por familiares e companheiros.<br \/>\n*No s\u00e1bado (29\/02), quando ocorreram as visitas conjugais, e no domingo (01\/03), as familiares, foi registrado um total de 21.323 visitantes nas 23 unidades, sendo 578 (2,71%) nas col\u00f4nias penais femininas de Abreu e Lima (CPFAL), do Recife (CPFR) \u2013 na Regi\u00e3o Metropolitana &#8211; e de Bu\u00edque (CPFB), no Agreste pernambucano.* Pernambuco recolhe cerca de 33.100 detentos. \u201cAs mulheres, que muitas vezes ajudam seus companheiros na pr\u00e1tica do crime, s\u00e3o abandonadas nos pres\u00eddios femininos pelo pr\u00f3prio parceiro e pela fam\u00edlia\u201d, ressalta o secret\u00e1rio de Justi\u00e7a e Direitos Humanos, Pedro Eurico.<br \/>\nO artigo 101 do C\u00f3digo Penitenci\u00e1rio de Pernambuco prev\u00ea nos estabelecimentos prisionais o contato da pessoa privada de liberdade com o meio exterior, em especial, com a fam\u00edlia, indiv\u00edduos e entidades que possam contribuir para a sua reinser\u00e7\u00e3o social. As visitas \u00edntimas s\u00e3o regulamentadas pelo artigo 105 do CPP a fim de manter os la\u00e7os afetivos com companheiro ou companheira de sexos distintos ou iguais.<br \/>\n*ACESSO* &#8211; Os interessados em realizar visitas devem fazer o pr\u00e9-cadastro no site da Seres (http:\/\/www.seres.pe.gov.br\/visitantes\/) e em seguida fornecer a foto e a biometria na unidade prisional para, ent\u00e3o, receber o cart\u00e3o magn\u00e9tico de visita. Tudo \u00e9 feito pelo Sistema Integrado de Administra\u00e7\u00e3o Prisional (SIAP). As visitas conjugais ocorrem aos s\u00e1bados e as familiares aos domingos, ambas das 8h \u00e0s 16h.<\/p>\n","protected":false},"excerpt":{"rendered":"<p>A Secretaria de Justi\u00e7a e Direitos Humanos divulgou o balan\u00e7o de visitas nas unidades prisionais no \u00faltimo final de semana.&hellip;<\/p>\n","protected":false},"author":1,"featured_media":52635,"comment_status":"open","ping_status":"open","sticky":false,"template":"","format":"standard","meta":{"footnotes":""},"categories":[14120],"tags":[2,16881,17474],"class_list":["post-52634","post","type-post","status-publish","format-standard","has-post-thumbnail","hentry","category-noticias","tag-blog-do-edvaldo-magalhaes","tag-caruaru-e-regiao","tag-dia-da-mulher-e-poucas-visitas-as-mulheres-presas-em-pernambuco"],"_links":{"self":[{"href":"https:\/\/blogdoedvaldomagalhaes.com.br\/index.php\/wp-json\/wp\/v2\/posts\/52634","targetHints":{"allow":["GET"]}}],"collection":[{"href":"https:\/\/blogdoedvaldomagalhaes.com.br\/index.php\/wp-json\/wp\/v2\/posts"}],"about":[{"href":"https:\/\/blogdoedvaldomagalhaes.com.br\/index.php\/wp-json\/wp\/v2\/types\/post"}],"author":[{"embeddable":true,"href":"https:\/\/blogdoedvaldomagalhaes.com.br\/index.php\/wp-json\/wp\/v2\/users\/1"}],"replies":[{"embeddable":true,"href":"https:\/\/blogdoedvaldomagalhaes.com.br\/index.php\/wp-json\/wp\/v2\/comments?post=52634"}],"version-history":[{"count":2,"href":"https:\/\/blogdoedvaldomagalhaes.com.br\/index.php\/wp-json\/wp\/v2\/posts\/52634\/revisions"}],"predecessor-version":[{"id":52637,"href":"https:\/\/blogdoedvaldomagalhaes.com.br\/index.php\/wp-json\/wp\/v2\/posts\/52634\/revisions\/52637"}],"wp:featuredmedia":[{"embeddable":true,"href":"https:\/\/blogdoedvaldomagalhaes.com.br\/index.php\/wp-json\/wp\/v2\/media\/52635"}],"wp:attachment":[{"href":"https:\/\/blogdoedvaldomagalhaes.com.br\/index.php\/wp-json\/wp\/v2\/media?parent=52634"}],"wp:term":[{"taxonomy":"category","embeddable":true,"href":"https:\/\/blogdoedvaldomagalhaes.com.br\/index.php\/wp-json\/wp\/v2\/categories?post=52634"},{"taxonomy":"post_tag","embeddable":true,"href":"https:\/\/blogdoedvaldomagalhaes.com.br\/index.php\/wp-json\/wp\/v2\/tags?post=52634"}],"curies":[{"name":"wp","href":"https:\/\/api.w.org\/{rel}","templated":true}]}}