{"id":52630,"date":"2020-03-07T16:41:10","date_gmt":"2020-03-07T19:41:10","guid":{"rendered":"http:\/\/blogdoedvaldomagalhaes.com.br\/?p=52630"},"modified":"2020-03-07T16:48:31","modified_gmt":"2020-03-07T19:48:31","slug":"mulheres-filiadas-ao-pt-se-reunem-em-caruaru","status":"publish","type":"post","link":"https:\/\/blogdoedvaldomagalhaes.com.br\/index.php\/2020\/03\/07\/mulheres-filiadas-ao-pt-se-reunem-em-caruaru\/","title":{"rendered":"Mulheres filiadas ao PT se re\u00fanem em Caruaru"},"content":{"rendered":"<p style=\"text-align: justify;\"><span style=\"font-size: inherit;\">Atrav\u00e9s do projeto Elas por Elas, mulheres filiadas ao PT se reuniram na manh\u00e3 deste s\u00e1bado (06), na sede do partido em Caruaru. O objetivo do encontro foi de realizar uma oficina de comunica\u00e7\u00e3o para o uso das m\u00eddias sociais, al\u00e9m de debater a participa\u00e7\u00e3o das mulheres nas elei\u00e7\u00f5es deste ano.<\/span><\/p>\n<p style=\"text-align: justify;\">Para a secret\u00e1ria de forma\u00e7\u00e3o do partido, Em\u00edlia Trajano, as mulheres precisam estar cada vez mais engajadas para ocupar os espa\u00e7os pol\u00edticos.<\/p>\n<p style=\"text-align: justify;\">\u201cO evento de hoje foi importante, principalmente para contribui\u00e7\u00e3o do fortalecimento da organiza\u00e7\u00e3o das mulheres. Estamos buscando a luta por uma sociedade mais justa e igualit\u00e1ria, que \u00e9 a base da hist\u00f3ria do Partido dos Trabalhadores. A luta das mulheres tamb\u00e9m vem nesse sentido\u201d, afirmou.<\/p>\n<p style=\"text-align: justify;\">Este foi o primeiro de v\u00e1rios encontros que est\u00e3o programados para acontecer entre as mulheres filiadas ao partido em Caruaru.<\/p>\n","protected":false},"excerpt":{"rendered":"<p>Atrav\u00e9s do projeto Elas por Elas, mulheres filiadas ao PT se reuniram na manh\u00e3 deste s\u00e1bado (06), na sede do&hellip;<\/p>\n","protected":false},"author":1,"featured_media":52631,"comment_status":"open","ping_status":"open","sticky":false,"template":"","format":"standard","meta":{"footnotes":""},"categories":[14122],"tags":[2,16881,17473],"class_list":["post-52630","post","type-post","status-publish","format-standard","has-post-thumbnail","hentry","category-politica","tag-blog-do-edvaldo-magalhaes","tag-caruaru-e-regiao","tag-mulheres-filiadas-ao-pt-se-reunem-em-caruaru"],"_links":{"self":[{"href":"https:\/\/blogdoedvaldomagalhaes.com.br\/index.php\/wp-json\/wp\/v2\/posts\/52630","targetHints":{"allow":["GET"]}}],"collection":[{"href":"https:\/\/blogdoedvaldomagalhaes.com.br\/index.php\/wp-json\/wp\/v2\/posts"}],"about":[{"href":"https:\/\/blogdoedvaldomagalhaes.com.br\/index.php\/wp-json\/wp\/v2\/types\/post"}],"author":[{"embeddable":true,"href":"https:\/\/blogdoedvaldomagalhaes.com.br\/index.php\/wp-json\/wp\/v2\/users\/1"}],"replies":[{"embeddable":true,"href":"https:\/\/blogdoedvaldomagalhaes.com.br\/index.php\/wp-json\/wp\/v2\/comments?post=52630"}],"version-history":[{"count":1,"href":"https:\/\/blogdoedvaldomagalhaes.com.br\/index.php\/wp-json\/wp\/v2\/posts\/52630\/revisions"}],"predecessor-version":[{"id":52632,"href":"https:\/\/blogdoedvaldomagalhaes.com.br\/index.php\/wp-json\/wp\/v2\/posts\/52630\/revisions\/52632"}],"wp:featuredmedia":[{"embeddable":true,"href":"https:\/\/blogdoedvaldomagalhaes.com.br\/index.php\/wp-json\/wp\/v2\/media\/52631"}],"wp:attachment":[{"href":"https:\/\/blogdoedvaldomagalhaes.com.br\/index.php\/wp-json\/wp\/v2\/media?parent=52630"}],"wp:term":[{"taxonomy":"category","embeddable":true,"href":"https:\/\/blogdoedvaldomagalhaes.com.br\/index.php\/wp-json\/wp\/v2\/categories?post=52630"},{"taxonomy":"post_tag","embeddable":true,"href":"https:\/\/blogdoedvaldomagalhaes.com.br\/index.php\/wp-json\/wp\/v2\/tags?post=52630"}],"curies":[{"name":"wp","href":"https:\/\/api.w.org\/{rel}","templated":true}]}}