{"id":52626,"date":"2020-03-07T15:48:42","date_gmt":"2020-03-07T18:48:42","guid":{"rendered":"http:\/\/blogdoedvaldomagalhaes.com.br\/?p=52626"},"modified":"2020-03-07T15:48:45","modified_gmt":"2020-03-07T18:48:45","slug":"mulher-e-morta-a-facadas-dentro-de-casa-em-gravata","status":"publish","type":"post","link":"https:\/\/blogdoedvaldomagalhaes.com.br\/index.php\/2020\/03\/07\/mulher-e-morta-a-facadas-dentro-de-casa-em-gravata\/","title":{"rendered":"Mulher \u00e9 morta a facadas dentro de casa em Gravat\u00e1"},"content":{"rendered":"<p style=\"text-align: justify;\">A manicure Jos\u00e9lia Bezerra da Silva, foi assassinada na madrugada deste s\u00e1bado (07), dentro da pr\u00f3pria resid\u00eancia no bairro Santa Luzia, em Gravat\u00e1.<\/p>\n<p style=\"text-align: justify;\">O filho dela, identificado como Matheus, tamb\u00e9m foi esfaqueado e socorrido para o hospital da cidade, sendo transferido para o Hospital da Restaura\u00e7\u00e3o (HR), em Recife.<\/p>\n<p style=\"text-align: justify;\">Segundo informa\u00e7\u00f5es de testemunhas, o rapaz teria chegado em casa drogado e pedido dinheiro a m\u00e3e. Como ela n\u00e3o deu, ele teria esfaqueado a pr\u00f3pria m\u00e3e. O jovem nega e diz que foi um desconhecido que invadiu a resid\u00eancia.<\/p>\n<p style=\"text-align: justify;\">O poss\u00edvel feminic\u00eddio est\u00e1 sendo investigado pela Delegacia de Pol\u00edcia Civil de Gravat\u00e1.<\/p>\n<p>Foto: Reprodu\u00e7\u00e3o\/PE Not\u00edcias.<\/p>\n","protected":false},"excerpt":{"rendered":"<p>A manicure Jos\u00e9lia Bezerra da Silva, foi assassinada na madrugada deste s\u00e1bado (07), dentro da pr\u00f3pria resid\u00eancia no bairro Santa&hellip;<\/p>\n","protected":false},"author":1,"featured_media":52627,"comment_status":"open","ping_status":"open","sticky":false,"template":"","format":"standard","meta":{"footnotes":""},"categories":[14121],"tags":[2,16881,17472],"class_list":["post-52626","post","type-post","status-publish","format-standard","has-post-thumbnail","hentry","category-policial","tag-blog-do-edvaldo-magalhaes","tag-caruaru-e-regiao","tag-mulher-e-morta-a-facadas-dentro-de-casa-em-gravata"],"_links":{"self":[{"href":"https:\/\/blogdoedvaldomagalhaes.com.br\/index.php\/wp-json\/wp\/v2\/posts\/52626","targetHints":{"allow":["GET"]}}],"collection":[{"href":"https:\/\/blogdoedvaldomagalhaes.com.br\/index.php\/wp-json\/wp\/v2\/posts"}],"about":[{"href":"https:\/\/blogdoedvaldomagalhaes.com.br\/index.php\/wp-json\/wp\/v2\/types\/post"}],"author":[{"embeddable":true,"href":"https:\/\/blogdoedvaldomagalhaes.com.br\/index.php\/wp-json\/wp\/v2\/users\/1"}],"replies":[{"embeddable":true,"href":"https:\/\/blogdoedvaldomagalhaes.com.br\/index.php\/wp-json\/wp\/v2\/comments?post=52626"}],"version-history":[{"count":1,"href":"https:\/\/blogdoedvaldomagalhaes.com.br\/index.php\/wp-json\/wp\/v2\/posts\/52626\/revisions"}],"predecessor-version":[{"id":52628,"href":"https:\/\/blogdoedvaldomagalhaes.com.br\/index.php\/wp-json\/wp\/v2\/posts\/52626\/revisions\/52628"}],"wp:featuredmedia":[{"embeddable":true,"href":"https:\/\/blogdoedvaldomagalhaes.com.br\/index.php\/wp-json\/wp\/v2\/media\/52627"}],"wp:attachment":[{"href":"https:\/\/blogdoedvaldomagalhaes.com.br\/index.php\/wp-json\/wp\/v2\/media?parent=52626"}],"wp:term":[{"taxonomy":"category","embeddable":true,"href":"https:\/\/blogdoedvaldomagalhaes.com.br\/index.php\/wp-json\/wp\/v2\/categories?post=52626"},{"taxonomy":"post_tag","embeddable":true,"href":"https:\/\/blogdoedvaldomagalhaes.com.br\/index.php\/wp-json\/wp\/v2\/tags?post=52626"}],"curies":[{"name":"wp","href":"https:\/\/api.w.org\/{rel}","templated":true}]}}