{"id":52606,"date":"2020-03-07T09:26:18","date_gmt":"2020-03-07T12:26:18","guid":{"rendered":"http:\/\/blogdoedvaldomagalhaes.com.br\/?p=52606"},"modified":"2020-03-07T09:26:21","modified_gmt":"2020-03-07T12:26:21","slug":"pavimentacao-e-inicio-das-escavacoes-para-drenagem-de-acesso-a-goncalves-ferreira-comecam-na-terca-feira-10","status":"publish","type":"post","link":"https:\/\/blogdoedvaldomagalhaes.com.br\/index.php\/2020\/03\/07\/pavimentacao-e-inicio-das-escavacoes-para-drenagem-de-acesso-a-goncalves-ferreira-comecam-na-terca-feira-10\/","title":{"rendered":"Pavimenta\u00e7\u00e3o e in\u00edcio das escava\u00e7\u00f5es para drenagem de acesso \u00e0 Gon\u00e7alves Ferreira come\u00e7am na ter\u00e7a-feira (10)"},"content":{"rendered":"<p style=\"text-align: justify;\"><span style=\"font-size: inherit;\">A Secretaria de Obras, informa que a partir da pr\u00f3xima ter\u00e7a-feira (10), ser\u00e1 utilizado o sistema de SIGA e PARE no acesso \u00e0 Gon\u00e7alves Ferreira, neste per\u00edodo da obra.<\/span><\/p>\n<p style=\"text-align: justify;\">A medida foi tomada para que n\u00e3o haja a interdi\u00e7\u00e3o total da via, j\u00e1 que nesta etapa do projeto ser\u00e1 necess\u00e1rio realizar as escava\u00e7\u00f5es (abertura de valas) ao longo do acesso, para a instala\u00e7\u00e3o das tubula\u00e7\u00f5es de drenagem.<\/p>\n<p style=\"text-align: justify;\">Para execu\u00e7\u00e3o desta etapa, a via ser\u00e1 interditada um lado de cada vez. O objetivo \u00e9 diminuir os transtornos causados pela obra.<\/p>\n<p style=\"text-align: justify;\">Com isso, a secretaria pede a compreens\u00e3o de todos, j\u00e1 que o tempo de deslocamento at\u00e9 Gon\u00e7alves Ferreira e outras localidades ao longo do trajeto vai aumentar um pouco.<\/p>\n","protected":false},"excerpt":{"rendered":"<p>A Secretaria de Obras, informa que a partir da pr\u00f3xima ter\u00e7a-feira (10), ser\u00e1 utilizado o sistema de SIGA e PARE&hellip;<\/p>\n","protected":false},"author":1,"featured_media":52607,"comment_status":"open","ping_status":"open","sticky":false,"template":"","format":"standard","meta":{"footnotes":""},"categories":[14120],"tags":[2,16881,17470],"class_list":["post-52606","post","type-post","status-publish","format-standard","has-post-thumbnail","hentry","category-noticias","tag-blog-do-edvaldo-magalhaes","tag-caruaru-e-regiao","tag-pavimentacao-e-inicio-das-escavacoes-para-drenagem-de-acesso-a-goncalves-ferreira-comecam-na-terca-feira-10"],"_links":{"self":[{"href":"https:\/\/blogdoedvaldomagalhaes.com.br\/index.php\/wp-json\/wp\/v2\/posts\/52606","targetHints":{"allow":["GET"]}}],"collection":[{"href":"https:\/\/blogdoedvaldomagalhaes.com.br\/index.php\/wp-json\/wp\/v2\/posts"}],"about":[{"href":"https:\/\/blogdoedvaldomagalhaes.com.br\/index.php\/wp-json\/wp\/v2\/types\/post"}],"author":[{"embeddable":true,"href":"https:\/\/blogdoedvaldomagalhaes.com.br\/index.php\/wp-json\/wp\/v2\/users\/1"}],"replies":[{"embeddable":true,"href":"https:\/\/blogdoedvaldomagalhaes.com.br\/index.php\/wp-json\/wp\/v2\/comments?post=52606"}],"version-history":[{"count":1,"href":"https:\/\/blogdoedvaldomagalhaes.com.br\/index.php\/wp-json\/wp\/v2\/posts\/52606\/revisions"}],"predecessor-version":[{"id":52608,"href":"https:\/\/blogdoedvaldomagalhaes.com.br\/index.php\/wp-json\/wp\/v2\/posts\/52606\/revisions\/52608"}],"wp:featuredmedia":[{"embeddable":true,"href":"https:\/\/blogdoedvaldomagalhaes.com.br\/index.php\/wp-json\/wp\/v2\/media\/52607"}],"wp:attachment":[{"href":"https:\/\/blogdoedvaldomagalhaes.com.br\/index.php\/wp-json\/wp\/v2\/media?parent=52606"}],"wp:term":[{"taxonomy":"category","embeddable":true,"href":"https:\/\/blogdoedvaldomagalhaes.com.br\/index.php\/wp-json\/wp\/v2\/categories?post=52606"},{"taxonomy":"post_tag","embeddable":true,"href":"https:\/\/blogdoedvaldomagalhaes.com.br\/index.php\/wp-json\/wp\/v2\/tags?post=52606"}],"curies":[{"name":"wp","href":"https:\/\/api.w.org\/{rel}","templated":true}]}}