{"id":52602,"date":"2020-03-06T15:38:25","date_gmt":"2020-03-06T18:38:25","guid":{"rendered":"http:\/\/blogdoedvaldomagalhaes.com.br\/?p=52602"},"modified":"2020-03-06T15:38:26","modified_gmt":"2020-03-06T18:38:26","slug":"pmpe-lanca-em-caruaru-a-operacao-forte-com-quatro-areas-integradas-de-seguranca","status":"publish","type":"post","link":"https:\/\/blogdoedvaldomagalhaes.com.br\/index.php\/2020\/03\/06\/pmpe-lanca-em-caruaru-a-operacao-forte-com-quatro-areas-integradas-de-seguranca\/","title":{"rendered":"PMPE lan\u00e7a em Caruaru a \u2018Opera\u00e7\u00e3o Forte\u2019 com quatro \u00e1reas integradas de seguran\u00e7a"},"content":{"rendered":"<p style=\"text-align: justify;\">As equipes v\u00e3o intensificar o patrulhamento em locais onde s\u00e3o detectados maiores \u00edndices de Crimes Violentos Letais Intencionais (CVLIs) e de Crimes Violentos contra o patrim\u00f4nio (CVPs). A solenidade de lan\u00e7amento aconteceu na sede do 4\u00ba BPM.<\/p>\n<p style=\"text-align: justify;\">Inicialmente, a opera\u00e7\u00e3o vai contemplar quatro \u00e1reas integradas de seguran\u00e7a no Agreste e Zona da Mata. Caruaru recebe 50 policiais e 9 viaturas para refor\u00e7ar as j\u00e1 existentes.<\/p>\n\n\n<figure class=\"wp-block-image size-large\"><img loading=\"lazy\" decoding=\"async\" width=\"1024\" height=\"611\" src=\"http:\/\/blogdoedvaldomagalhaes.com.br\/wp-content\/uploads\/2020\/03\/IMG-20200306-WA0050-1024x611.jpg\" alt=\"\" class=\"wp-image-52604\" srcset=\"https:\/\/blogdoedvaldomagalhaes.com.br\/wp-content\/uploads\/2020\/03\/IMG-20200306-WA0050-1024x611.jpg 1024w, https:\/\/blogdoedvaldomagalhaes.com.br\/wp-content\/uploads\/2020\/03\/IMG-20200306-WA0050-300x179.jpg 300w, https:\/\/blogdoedvaldomagalhaes.com.br\/wp-content\/uploads\/2020\/03\/IMG-20200306-WA0050-768x458.jpg 768w, https:\/\/blogdoedvaldomagalhaes.com.br\/wp-content\/uploads\/2020\/03\/IMG-20200306-WA0050.jpg 1280w\" sizes=\"auto, (max-width: 1024px) 100vw, 1024px\" \/><figcaption>Fotos: Iza\u00edas Rodrigues\/R\u00e1dio Liberdade<\/figcaption><\/figure>\n","protected":false},"excerpt":{"rendered":"<p>As equipes v\u00e3o intensificar o patrulhamento em locais onde s\u00e3o detectados maiores \u00edndices de Crimes Violentos Letais Intencionais (CVLIs) e&hellip;<\/p>\n","protected":false},"author":1,"featured_media":52603,"comment_status":"open","ping_status":"open","sticky":false,"template":"","format":"standard","meta":{"footnotes":""},"categories":[14121],"tags":[2,16881,17469],"class_list":["post-52602","post","type-post","status-publish","format-standard","has-post-thumbnail","hentry","category-policial","tag-blog-do-edvaldo-magalhaes","tag-caruaru-e-regiao","tag-pmpe-lanca-em-caruaru-a-operacao-forte-com-quatro-areas-integradas-de-seguranca"],"_links":{"self":[{"href":"https:\/\/blogdoedvaldomagalhaes.com.br\/index.php\/wp-json\/wp\/v2\/posts\/52602","targetHints":{"allow":["GET"]}}],"collection":[{"href":"https:\/\/blogdoedvaldomagalhaes.com.br\/index.php\/wp-json\/wp\/v2\/posts"}],"about":[{"href":"https:\/\/blogdoedvaldomagalhaes.com.br\/index.php\/wp-json\/wp\/v2\/types\/post"}],"author":[{"embeddable":true,"href":"https:\/\/blogdoedvaldomagalhaes.com.br\/index.php\/wp-json\/wp\/v2\/users\/1"}],"replies":[{"embeddable":true,"href":"https:\/\/blogdoedvaldomagalhaes.com.br\/index.php\/wp-json\/wp\/v2\/comments?post=52602"}],"version-history":[{"count":1,"href":"https:\/\/blogdoedvaldomagalhaes.com.br\/index.php\/wp-json\/wp\/v2\/posts\/52602\/revisions"}],"predecessor-version":[{"id":52605,"href":"https:\/\/blogdoedvaldomagalhaes.com.br\/index.php\/wp-json\/wp\/v2\/posts\/52602\/revisions\/52605"}],"wp:featuredmedia":[{"embeddable":true,"href":"https:\/\/blogdoedvaldomagalhaes.com.br\/index.php\/wp-json\/wp\/v2\/media\/52603"}],"wp:attachment":[{"href":"https:\/\/blogdoedvaldomagalhaes.com.br\/index.php\/wp-json\/wp\/v2\/media?parent=52602"}],"wp:term":[{"taxonomy":"category","embeddable":true,"href":"https:\/\/blogdoedvaldomagalhaes.com.br\/index.php\/wp-json\/wp\/v2\/categories?post=52602"},{"taxonomy":"post_tag","embeddable":true,"href":"https:\/\/blogdoedvaldomagalhaes.com.br\/index.php\/wp-json\/wp\/v2\/tags?post=52602"}],"curies":[{"name":"wp","href":"https:\/\/api.w.org\/{rel}","templated":true}]}}