{"id":52599,"date":"2020-03-06T10:03:01","date_gmt":"2020-03-06T13:03:01","guid":{"rendered":"http:\/\/blogdoedvaldomagalhaes.com.br\/?p=52599"},"modified":"2020-03-06T10:03:05","modified_gmt":"2020-03-06T13:03:05","slug":"6o-cine-araca-neste-sabado-7-em-serra-dos-cavalos","status":"publish","type":"post","link":"https:\/\/blogdoedvaldomagalhaes.com.br\/index.php\/2020\/03\/06\/6o-cine-araca-neste-sabado-7-em-serra-dos-cavalos\/","title":{"rendered":"6\u00ba Cine Ara\u00e7\u00e1 neste s\u00e1bado (7) em Serra dos Cavalos"},"content":{"rendered":"<p style=\"text-align: justify;\"><span style=\"font-size: inherit;\">A Prefeitura de Caruaru, atrav\u00e9s da Secretaria de Sustentabilidade e Desenvolvimento Rural (Suder), com apoio da Funda\u00e7\u00e3o de Cultura e Turismo do munic\u00edpio, realiza neste s\u00e1bado (7) o 6\u00ba Cine Ara\u00e7\u00e1. O projeto que acontece na Reserva de Serra dos Cavalos, zona rural de Caruaru, ir\u00e1 proporcionar cinema e lazer de forma gratuita para a comunidade local e visitantes. O projeto acontece em todos os primeiros s\u00e1bados do m\u00eas no Parque Natural Municipal Professor Jo\u00e3o Vasconcelos Sobrinho.<\/span><\/p>\n<p style=\"text-align: justify;\">A programa\u00e7\u00e3o desta edi\u00e7\u00e3o come\u00e7a a partir das 15h com a exibi\u00e7\u00e3o de curtas educativos para crian\u00e7a. Tamb\u00e9m \u00e0s 15h o palco estar\u00e1 livre para dar espa\u00e7o aos an\u00f4nimos que estiverem no local para mostrar os seus talentos.<\/p>\n<p style=\"text-align: justify;\">J\u00e1 \u00e0s 18h, haver\u00e1 apresenta\u00e7\u00e3o dos curtas do artista visual Caju Galon. Depois disso, a com\u00e9dia \u201cO homem que desafiou o diabo\u201d ser\u00e1 exibida.<\/p>\n<p style=\"text-align: justify;\">Ap\u00f3s o filme, ter\u00e1 a apresenta\u00e7\u00e3o de m\u00fasica popular brasileira (MPB) e rock com os cantores Nika Macedo e Jo\u00e3o Pedro, encerrando a programa\u00e7\u00e3o do dia.<\/p>\n<p style=\"text-align: justify;\">No local tamb\u00e9m ter\u00e1 feira gastron\u00f4mica e de artesanato com barraquinhas, das 15h \u00e0s 22h. O local de embarque ser\u00e1 no centro da cidade, na Rua Duque de Caxias em frente a Catedral. A passagem custa R$ 3,30 e o \u00f4nibus Coletivo ir\u00e1 partir das 14h e retornar\u00e1 \u00e0s 22h. A organiza\u00e7\u00e3o do local recomenda que o visitante leve copo reutiliz\u00e1vel ou garrafinha para ingest\u00e3o de \u00e1gua no parque e tamb\u00e9m casaco para se aquecer, j\u00e1 que no local faz frio.<\/p>\n","protected":false},"excerpt":{"rendered":"<p>A Prefeitura de Caruaru, atrav\u00e9s da Secretaria de Sustentabilidade e Desenvolvimento Rural (Suder), com apoio da Funda\u00e7\u00e3o de Cultura e&hellip;<\/p>\n","protected":false},"author":1,"featured_media":52600,"comment_status":"open","ping_status":"open","sticky":false,"template":"","format":"standard","meta":{"footnotes":""},"categories":[14120],"tags":[17468,2,16881],"class_list":["post-52599","post","type-post","status-publish","format-standard","has-post-thumbnail","hentry","category-noticias","tag-6o-cine-araca-neste-sabado-7-em-serra-dos-cavalos","tag-blog-do-edvaldo-magalhaes","tag-caruaru-e-regiao"],"_links":{"self":[{"href":"https:\/\/blogdoedvaldomagalhaes.com.br\/index.php\/wp-json\/wp\/v2\/posts\/52599","targetHints":{"allow":["GET"]}}],"collection":[{"href":"https:\/\/blogdoedvaldomagalhaes.com.br\/index.php\/wp-json\/wp\/v2\/posts"}],"about":[{"href":"https:\/\/blogdoedvaldomagalhaes.com.br\/index.php\/wp-json\/wp\/v2\/types\/post"}],"author":[{"embeddable":true,"href":"https:\/\/blogdoedvaldomagalhaes.com.br\/index.php\/wp-json\/wp\/v2\/users\/1"}],"replies":[{"embeddable":true,"href":"https:\/\/blogdoedvaldomagalhaes.com.br\/index.php\/wp-json\/wp\/v2\/comments?post=52599"}],"version-history":[{"count":1,"href":"https:\/\/blogdoedvaldomagalhaes.com.br\/index.php\/wp-json\/wp\/v2\/posts\/52599\/revisions"}],"predecessor-version":[{"id":52601,"href":"https:\/\/blogdoedvaldomagalhaes.com.br\/index.php\/wp-json\/wp\/v2\/posts\/52599\/revisions\/52601"}],"wp:featuredmedia":[{"embeddable":true,"href":"https:\/\/blogdoedvaldomagalhaes.com.br\/index.php\/wp-json\/wp\/v2\/media\/52600"}],"wp:attachment":[{"href":"https:\/\/blogdoedvaldomagalhaes.com.br\/index.php\/wp-json\/wp\/v2\/media?parent=52599"}],"wp:term":[{"taxonomy":"category","embeddable":true,"href":"https:\/\/blogdoedvaldomagalhaes.com.br\/index.php\/wp-json\/wp\/v2\/categories?post=52599"},{"taxonomy":"post_tag","embeddable":true,"href":"https:\/\/blogdoedvaldomagalhaes.com.br\/index.php\/wp-json\/wp\/v2\/tags?post=52599"}],"curies":[{"name":"wp","href":"https:\/\/api.w.org\/{rel}","templated":true}]}}