{"id":52596,"date":"2020-03-06T09:53:20","date_gmt":"2020-03-06T12:53:20","guid":{"rendered":"http:\/\/blogdoedvaldomagalhaes.com.br\/?p=52596"},"modified":"2020-03-06T09:53:24","modified_gmt":"2020-03-06T12:53:24","slug":"3-dia-da-copa-rural-de-futebol-amador-acontece-neste-domingo-8","status":"publish","type":"post","link":"https:\/\/blogdoedvaldomagalhaes.com.br\/index.php\/2020\/03\/06\/3-dia-da-copa-rural-de-futebol-amador-acontece-neste-domingo-8\/","title":{"rendered":"3\u00b0 dia da Copa Rural de Futebol Amador acontece neste domingo (8)"},"content":{"rendered":"<p style=\"text-align: justify;\"><span style=\"font-size: inherit;\">A Secretaria de Desenvolvimento Social de Direitos Humanos (SDSDH), promove neste domingo (8) mais uma rodada da Copa Rural de Futebol Amador. Desta vez, o evento ir\u00e1 para o 3\u00ba Distrito e acontecer\u00e1 no Campo Serra Velha a partir das 8h. Ser\u00e1 o terceiro dia de jogos da copa.<\/span><\/p>\n<p style=\"text-align: justify;\">Este projeto faz parte do projeto &#8220;Caruaru em Movimento&#8221;, que vem com o objetivo de estimular o conv\u00edvio social e coletivo, assim promovendo a atividade f\u00edsica que o futebol apresenta.<\/p>\n<p style=\"text-align: justify;\">As equipes jogar\u00e3o uma fase classificat\u00f3ria dentro dos seus respectivos distritos, n\u00e3o podendo conter atletas dos outros distritos. Sendo assim, ir\u00e3o passar para a pr\u00f3xima etapa o campe\u00e3o e vice-campe\u00e3o de cada distrito. O evento espera cerca de 400 pessoas no local, sendo todos atletas, profissionais da educa\u00e7\u00e3o f\u00edsica, \u00e1rbitros e espectadores locais.<\/p>\n<p style=\"text-align: justify;\">Todos os jogos v\u00e3o ser em forma eliminat\u00f3ria, e, al\u00e9m destas partidas, ser\u00e3o oferecidos no local jogos e brincadeiras paras as crian\u00e7as e o p\u00fablico em geral.<\/p>\n","protected":false},"excerpt":{"rendered":"<p>A Secretaria de Desenvolvimento Social de Direitos Humanos (SDSDH), promove neste domingo (8) mais uma rodada da Copa Rural de&hellip;<\/p>\n","protected":false},"author":1,"featured_media":52597,"comment_status":"open","ping_status":"open","sticky":false,"template":"","format":"standard","meta":{"footnotes":""},"categories":[14123],"tags":[17467,2,16881],"class_list":["post-52596","post","type-post","status-publish","format-standard","has-post-thumbnail","hentry","category-futebol","tag-3-dia-da-copa-rural-de-futebol-amador-acontece-neste-domingo-8","tag-blog-do-edvaldo-magalhaes","tag-caruaru-e-regiao"],"_links":{"self":[{"href":"https:\/\/blogdoedvaldomagalhaes.com.br\/index.php\/wp-json\/wp\/v2\/posts\/52596","targetHints":{"allow":["GET"]}}],"collection":[{"href":"https:\/\/blogdoedvaldomagalhaes.com.br\/index.php\/wp-json\/wp\/v2\/posts"}],"about":[{"href":"https:\/\/blogdoedvaldomagalhaes.com.br\/index.php\/wp-json\/wp\/v2\/types\/post"}],"author":[{"embeddable":true,"href":"https:\/\/blogdoedvaldomagalhaes.com.br\/index.php\/wp-json\/wp\/v2\/users\/1"}],"replies":[{"embeddable":true,"href":"https:\/\/blogdoedvaldomagalhaes.com.br\/index.php\/wp-json\/wp\/v2\/comments?post=52596"}],"version-history":[{"count":1,"href":"https:\/\/blogdoedvaldomagalhaes.com.br\/index.php\/wp-json\/wp\/v2\/posts\/52596\/revisions"}],"predecessor-version":[{"id":52598,"href":"https:\/\/blogdoedvaldomagalhaes.com.br\/index.php\/wp-json\/wp\/v2\/posts\/52596\/revisions\/52598"}],"wp:featuredmedia":[{"embeddable":true,"href":"https:\/\/blogdoedvaldomagalhaes.com.br\/index.php\/wp-json\/wp\/v2\/media\/52597"}],"wp:attachment":[{"href":"https:\/\/blogdoedvaldomagalhaes.com.br\/index.php\/wp-json\/wp\/v2\/media?parent=52596"}],"wp:term":[{"taxonomy":"category","embeddable":true,"href":"https:\/\/blogdoedvaldomagalhaes.com.br\/index.php\/wp-json\/wp\/v2\/categories?post=52596"},{"taxonomy":"post_tag","embeddable":true,"href":"https:\/\/blogdoedvaldomagalhaes.com.br\/index.php\/wp-json\/wp\/v2\/tags?post=52596"}],"curies":[{"name":"wp","href":"https:\/\/api.w.org\/{rel}","templated":true}]}}