{"id":5259,"date":"2017-07-25T22:15:00","date_gmt":"2017-07-26T01:15:00","guid":{"rendered":"http:\/\/blogdoedvaldomagalhaes.com.br\/index.php\/2017\/07\/25\/mulher-autuada-em-flagrante-delito-por\/"},"modified":"2019-02-09T01:36:49","modified_gmt":"2019-02-09T03:36:49","slug":"mulher-autuada-em-flagrante-delito-por","status":"publish","type":"post","link":"https:\/\/blogdoedvaldomagalhaes.com.br\/index.php\/2017\/07\/25\/mulher-autuada-em-flagrante-delito-por\/","title":{"rendered":"Mulher autuada em flagrante delito por tr\u00e1fico de drogas em Caruaru"},"content":{"rendered":"<div class=\"separator\" style=\"clear: both; text-align: center;\">\n<a href=\"https:\/\/3.bp.blogspot.com\/-mHBtCPEouuU\/WXfCkedm6WI\/AAAAAAAAaGc\/RWnlwa2yCHgJrWJ1wp9lGRxxqYpkIMa2ACLcBGAs\/s1600\/IMG-20170725-WA0281.jpg\" imageanchor=\"1\" style=\"margin-left: 1em; margin-right: 1em;\"><img loading=\"lazy\" decoding=\"async\" border=\"0\" data-original-height=\"1152\" data-original-width=\"648\" height=\"400\" src=\"http:\/\/blogdoedvaldomagalhaes.com.br\/wp-content\/uploads\/2017\/07\/IMG-20170725-WA0281.jpg\" width=\"225\" \/><\/a><\/div>\n<div class=\"separator\" style=\"clear: both; text-align: center;\">\n<\/div>\n<div class=\"separator\" style=\"clear: both; text-align: justify;\">\nNesta ter\u00e7a-feira (25), por volta das 15h40, atrav\u00e9s de informa\u00e7\u00f5es repassadas para coordena\u00e7\u00e3o do Copon, foram deslocados efetivos policiais para Avenida Jos\u00e9 Pinheiro dos Santos, as margens da BR 104. As informa\u00e7\u00f5es davam conta que havia no local um ponto de lota\u00e7\u00e3o onde se encontrava uma mulher em pose de entorpecentes.<\/div>\n<div class=\"separator\" style=\"clear: both; text-align: justify;\">\n<\/div>\n<div class=\"separator\" style=\"clear: both; text-align: justify;\">\nQuando o efetivo chegou ao local realizou abordagens nas pessoas e quando Israely de Melo Miugusto, de 23 anos, que mora na cidade de S\u00e3o Jo\u00e3o, no Agreste Meridional,&nbsp;foi revistada os policiais encontraram em seu poder cerca de 1,9 Kg de maconha. O material estava em uma bolsa localizada no interior de uma van de transporte alternativo. A senhora foi encaminhada a delegacia de plant\u00e3o de Caruaru, junto com o entorpecente apreendido, sendo autuada em flagrante delito por tr\u00e1fico de drogas, devendo ser apresentada a audi\u00eancia de cust\u00f3dia.<\/div>\n<div class=\"separator\" style=\"clear: both; text-align: justify;\">\n<\/div>\n<div class=\"separator\" style=\"clear: both; text-align: center;\">\n<a href=\"http:\/\/blogdoedvaldomagalhaes.com.br\/wp-content\/uploads\/2017\/07\/10-Unicompra.jpg\" imageanchor=\"1\" style=\"clear: left; float: left; margin-bottom: 1em; margin-right: 1em;\"><img decoding=\"async\" border=\"0\" data-original-height=\"100\" data-original-width=\"570\" src=\"http:\/\/blogdoedvaldomagalhaes.com.br\/wp-content\/uploads\/2017\/07\/10-Unicompra.jpg\" \/><\/a><\/div>\n","protected":false},"excerpt":{"rendered":"<p>Nesta ter\u00e7a-feira (25), por volta das 15h40, atrav\u00e9s de informa\u00e7\u00f5es repassadas para coordena\u00e7\u00e3o do Copon, foram deslocados efetivos policiais para&hellip;<\/p>\n","protected":false},"author":1,"featured_media":0,"comment_status":"open","ping_status":"open","sticky":false,"template":"","format":"standard","meta":{"footnotes":""},"categories":[1],"tags":[6940,2,6941,13],"class_list":["post-5259","post","type-post","status-publish","format-standard","hentry","category-sem-categoria","tag-avenida-jose-pinheiro-dos-santos","tag-blog-do-edvaldo-magalhaes","tag-mulher-autuada-em-flagrante-delito-por-trafico-de-drogas-em-caruaru","tag-policial"],"_links":{"self":[{"href":"https:\/\/blogdoedvaldomagalhaes.com.br\/index.php\/wp-json\/wp\/v2\/posts\/5259","targetHints":{"allow":["GET"]}}],"collection":[{"href":"https:\/\/blogdoedvaldomagalhaes.com.br\/index.php\/wp-json\/wp\/v2\/posts"}],"about":[{"href":"https:\/\/blogdoedvaldomagalhaes.com.br\/index.php\/wp-json\/wp\/v2\/types\/post"}],"author":[{"embeddable":true,"href":"https:\/\/blogdoedvaldomagalhaes.com.br\/index.php\/wp-json\/wp\/v2\/users\/1"}],"replies":[{"embeddable":true,"href":"https:\/\/blogdoedvaldomagalhaes.com.br\/index.php\/wp-json\/wp\/v2\/comments?post=5259"}],"version-history":[{"count":1,"href":"https:\/\/blogdoedvaldomagalhaes.com.br\/index.php\/wp-json\/wp\/v2\/posts\/5259\/revisions"}],"predecessor-version":[{"id":22459,"href":"https:\/\/blogdoedvaldomagalhaes.com.br\/index.php\/wp-json\/wp\/v2\/posts\/5259\/revisions\/22459"}],"wp:attachment":[{"href":"https:\/\/blogdoedvaldomagalhaes.com.br\/index.php\/wp-json\/wp\/v2\/media?parent=5259"}],"wp:term":[{"taxonomy":"category","embeddable":true,"href":"https:\/\/blogdoedvaldomagalhaes.com.br\/index.php\/wp-json\/wp\/v2\/categories?post=5259"},{"taxonomy":"post_tag","embeddable":true,"href":"https:\/\/blogdoedvaldomagalhaes.com.br\/index.php\/wp-json\/wp\/v2\/tags?post=5259"}],"curies":[{"name":"wp","href":"https:\/\/api.w.org\/{rel}","templated":true}]}}