{"id":52587,"date":"2020-03-05T23:15:17","date_gmt":"2020-03-06T02:15:17","guid":{"rendered":"http:\/\/blogdoedvaldomagalhaes.com.br\/?p=52587"},"modified":"2020-03-05T23:26:15","modified_gmt":"2020-03-06T02:26:15","slug":"brasil-passa-a-ter-oito-casos-de-coronavirus","status":"publish","type":"post","link":"https:\/\/blogdoedvaldomagalhaes.com.br\/index.php\/2020\/03\/05\/brasil-passa-a-ter-oito-casos-de-coronavirus\/","title":{"rendered":"Brasil passa a ter oito casos de coronav\u00edrus"},"content":{"rendered":"<p style=\"text-align: justify;\"><span style=\"font-size: inherit;\"><i>O<\/i> Minist\u00e9rio da Sa\u00fade confirmou, nesta quinta-feira (5), mais quatro novos casos de coronav\u00edrus, um no Rio de Janeiro, no munic\u00edpio de Barra Mansa, um no Esp\u00edrito Santo e dois em S\u00e3o Paulo. Com a confirma\u00e7\u00e3o desses casos, o Brasil possui agora oito casos de coronav\u00edrus. A pasta analisa mais um prov\u00e1vel caso no Distrito Federal, que aguarda a contraprova de laborat\u00f3rio p\u00fablico de refer\u00eancia nacional. O pa\u00eds monitora 636 casos suspeitos. Outros 378 foram descartados.<\/span><\/p>\n<p style=\"text-align: justify;\">Os dois casos de S\u00e3o Paulo t\u00eam rela\u00e7\u00e3o com o primeiro caso de COVID-19 no pa\u00eds, chamado de paciente 1. Contudo, isso n\u00e3o significa que h\u00e1 transmiss\u00e3o comunit\u00e1ria, ou seja, que o v\u00edrus esteja circulando na sociedade sem conhecimento da sua origem. Por enquanto, \u00e9 considerado transmiss\u00e3o local, pois est\u00e1 restrito e circulando em um grupo de pessoas. \u201cEstes dois casos est\u00e3o relacionados entre si. Sabemos a origem da transmiss\u00e3o. Por isso s\u00e3o considerados transmiss\u00e3o local. Quando n\u00e3o conseguimos relacionar a transmiss\u00e3o com o caso j\u00e1 confirmado, ela \u00e9 considerada transmiss\u00e3o comunit\u00e1ria. \u00c9 o que ocorre em pa\u00edses como a China, It\u00e1lia e Estados Unidos\u201d, explicou Wanderson de Oliveira, secret\u00e1rio de Vigil\u00e2ncia em Sa\u00fade do Minist\u00e9rio da Sa\u00fade.<\/p>\n<p style=\"text-align: justify;\">O caso do Rio de Janeiro tamb\u00e9m confirmado na tarde desta quinta-feira (5), trata-se de uma mulher de 27 anos com hist\u00f3rico de viagem pela It\u00e1lia e Alemanha, em fevereiro. A paciente apresentou sintomas de febre, coriza e falta de ar, ainda durante a viagem. Depois de uma semana da chegada ao Brasil, a mulher procurou uma unidade de sa\u00fade em Barra Mansa, onde fez testes que deram negativo para outras viroses. Por apresentar hist\u00f3rico de viagens para \u00e1reas end\u00eamicas e ter sintomatologia, seguiu-se o plano de conting\u00eancia do Minist\u00e9rio de Sa\u00fade e da Secretaria de Estado de Sa\u00fade, com material encaminhado \u00e0 Fiocruz, no Rio de Janeiro, que atestou positivo para coronav\u00edrus.<\/p>\n<blockquote>\n<p style=\"text-align: justify;\">No Esp\u00edrito Santo, o caso confirmado \u00e9 tamb\u00e9m de uma mulher, de 37 anos, e hist\u00f3rico de viagem pela It\u00e1lia. Ela apresentou sintomas e foi atendida na rede de sa\u00fade privada e a testagem foi realizada pela Fiocruz.<\/p>\n<p>Fonte: Minist\u00e9rio da Sa\u00fade.<\/p>\n<p>Foto: Divulga\u00e7\u00e3o.<\/p><\/blockquote>\n","protected":false},"excerpt":{"rendered":"<p>O Minist\u00e9rio da Sa\u00fade confirmou, nesta quinta-feira (5), mais quatro novos casos de coronav\u00edrus, um no Rio de Janeiro, no&hellip;<\/p>\n","protected":false},"author":1,"featured_media":52591,"comment_status":"open","ping_status":"open","sticky":false,"template":"","format":"standard","meta":{"footnotes":""},"categories":[14120],"tags":[2,17466,16881],"class_list":["post-52587","post","type-post","status-publish","format-standard","has-post-thumbnail","hentry","category-noticias","tag-blog-do-edvaldo-magalhaes","tag-brasil-passa-a-ter-oito-casos-de-coronavirus","tag-caruaru-e-regiao"],"_links":{"self":[{"href":"https:\/\/blogdoedvaldomagalhaes.com.br\/index.php\/wp-json\/wp\/v2\/posts\/52587","targetHints":{"allow":["GET"]}}],"collection":[{"href":"https:\/\/blogdoedvaldomagalhaes.com.br\/index.php\/wp-json\/wp\/v2\/posts"}],"about":[{"href":"https:\/\/blogdoedvaldomagalhaes.com.br\/index.php\/wp-json\/wp\/v2\/types\/post"}],"author":[{"embeddable":true,"href":"https:\/\/blogdoedvaldomagalhaes.com.br\/index.php\/wp-json\/wp\/v2\/users\/1"}],"replies":[{"embeddable":true,"href":"https:\/\/blogdoedvaldomagalhaes.com.br\/index.php\/wp-json\/wp\/v2\/comments?post=52587"}],"version-history":[{"count":5,"href":"https:\/\/blogdoedvaldomagalhaes.com.br\/index.php\/wp-json\/wp\/v2\/posts\/52587\/revisions"}],"predecessor-version":[{"id":52595,"href":"https:\/\/blogdoedvaldomagalhaes.com.br\/index.php\/wp-json\/wp\/v2\/posts\/52587\/revisions\/52595"}],"wp:featuredmedia":[{"embeddable":true,"href":"https:\/\/blogdoedvaldomagalhaes.com.br\/index.php\/wp-json\/wp\/v2\/media\/52591"}],"wp:attachment":[{"href":"https:\/\/blogdoedvaldomagalhaes.com.br\/index.php\/wp-json\/wp\/v2\/media?parent=52587"}],"wp:term":[{"taxonomy":"category","embeddable":true,"href":"https:\/\/blogdoedvaldomagalhaes.com.br\/index.php\/wp-json\/wp\/v2\/categories?post=52587"},{"taxonomy":"post_tag","embeddable":true,"href":"https:\/\/blogdoedvaldomagalhaes.com.br\/index.php\/wp-json\/wp\/v2\/tags?post=52587"}],"curies":[{"name":"wp","href":"https:\/\/api.w.org\/{rel}","templated":true}]}}