{"id":52584,"date":"2020-03-05T22:36:18","date_gmt":"2020-03-06T01:36:18","guid":{"rendered":"http:\/\/blogdoedvaldomagalhaes.com.br\/?p=52584"},"modified":"2020-03-05T22:36:21","modified_gmt":"2020-03-06T01:36:21","slug":"psl-caruaru-realiza-evento-para-mulheres-domingo-8","status":"publish","type":"post","link":"https:\/\/blogdoedvaldomagalhaes.com.br\/index.php\/2020\/03\/05\/psl-caruaru-realiza-evento-para-mulheres-domingo-8\/","title":{"rendered":"PSL Caruaru realiza evento para Mulheres domingo (8)"},"content":{"rendered":"<p style=\"text-align: justify;\">Neste domingo dia 08 de mar\u00e7o, Dia Internacional da Mulher, o PSL Caruaru, atrav\u00e9s do PSL Mulher, que tem na presid\u00eancia Amanda Lira, estar\u00e1 realizando um ato comemorativo da data.<\/p>\n<p style=\"text-align: justify;\">O objetivo do evento \u00e9 conscientizar as mulheres de Caruaru da necessidade de uma maior participa\u00e7\u00e3o na pol\u00edtica local e nacional.<\/p>\n<p style=\"text-align: justify;\">O presidente do PSL de Caruaru, Manoel Santos, tem como uma das prioridades em sua gest\u00e3o a frente do partido a inser\u00e7\u00e3o das mulheres pol\u00edtica,\u00a0n\u00e3o somente na milit\u00e2ncia, mas especialmente na executiva do partido, como na prepara\u00e7\u00e3o de pr\u00e9-candidatas para as pr\u00f3ximas elei\u00e7\u00f5es.<\/p>\n","protected":false},"excerpt":{"rendered":"<p>Neste domingo dia 08 de mar\u00e7o, Dia Internacional da Mulher, o PSL Caruaru, atrav\u00e9s do PSL Mulher, que tem na&hellip;<\/p>\n","protected":false},"author":1,"featured_media":52585,"comment_status":"open","ping_status":"open","sticky":false,"template":"","format":"standard","meta":{"footnotes":""},"categories":[14122],"tags":[2,16881,17465],"class_list":["post-52584","post","type-post","status-publish","format-standard","has-post-thumbnail","hentry","category-politica","tag-blog-do-edvaldo-magalhaes","tag-caruaru-e-regiao","tag-psl-caruaru-realiza-evento-para-mulheres-domingo-8"],"_links":{"self":[{"href":"https:\/\/blogdoedvaldomagalhaes.com.br\/index.php\/wp-json\/wp\/v2\/posts\/52584","targetHints":{"allow":["GET"]}}],"collection":[{"href":"https:\/\/blogdoedvaldomagalhaes.com.br\/index.php\/wp-json\/wp\/v2\/posts"}],"about":[{"href":"https:\/\/blogdoedvaldomagalhaes.com.br\/index.php\/wp-json\/wp\/v2\/types\/post"}],"author":[{"embeddable":true,"href":"https:\/\/blogdoedvaldomagalhaes.com.br\/index.php\/wp-json\/wp\/v2\/users\/1"}],"replies":[{"embeddable":true,"href":"https:\/\/blogdoedvaldomagalhaes.com.br\/index.php\/wp-json\/wp\/v2\/comments?post=52584"}],"version-history":[{"count":1,"href":"https:\/\/blogdoedvaldomagalhaes.com.br\/index.php\/wp-json\/wp\/v2\/posts\/52584\/revisions"}],"predecessor-version":[{"id":52586,"href":"https:\/\/blogdoedvaldomagalhaes.com.br\/index.php\/wp-json\/wp\/v2\/posts\/52584\/revisions\/52586"}],"wp:featuredmedia":[{"embeddable":true,"href":"https:\/\/blogdoedvaldomagalhaes.com.br\/index.php\/wp-json\/wp\/v2\/media\/52585"}],"wp:attachment":[{"href":"https:\/\/blogdoedvaldomagalhaes.com.br\/index.php\/wp-json\/wp\/v2\/media?parent=52584"}],"wp:term":[{"taxonomy":"category","embeddable":true,"href":"https:\/\/blogdoedvaldomagalhaes.com.br\/index.php\/wp-json\/wp\/v2\/categories?post=52584"},{"taxonomy":"post_tag","embeddable":true,"href":"https:\/\/blogdoedvaldomagalhaes.com.br\/index.php\/wp-json\/wp\/v2\/tags?post=52584"}],"curies":[{"name":"wp","href":"https:\/\/api.w.org\/{rel}","templated":true}]}}