{"id":5258,"date":"2017-07-26T02:11:00","date_gmt":"2017-07-26T05:11:00","guid":{"rendered":"http:\/\/blogdoedvaldomagalhaes.com.br\/index.php\/2017\/07\/26\/sindloja-caruaru-apresenta-pesquisa\/"},"modified":"2019-02-09T01:36:49","modified_gmt":"2019-02-09T03:36:49","slug":"sindloja-caruaru-apresenta-pesquisa","status":"publish","type":"post","link":"https:\/\/blogdoedvaldomagalhaes.com.br\/index.php\/2017\/07\/26\/sindloja-caruaru-apresenta-pesquisa\/","title":{"rendered":"Sindloja Caruaru apresenta pesquisa sobre inten\u00e7\u00e3o de compras para o Dia dos Pais"},"content":{"rendered":"<div class=\"separator\" style=\"clear: both; text-align: center;\">\n<a href=\"https:\/\/3.bp.blogspot.com\/-bGlQz1bt8ow\/WXf6VApUGOI\/AAAAAAAAaHs\/vPIElFFIxTksQzl8pLvuxYkMKi6sSj5hwCLcBGAs\/s1600\/sindloja.jpg\" imageanchor=\"1\" style=\"margin-left: 1em; margin-right: 1em;\"><img loading=\"lazy\" decoding=\"async\" border=\"0\" data-original-height=\"535\" data-original-width=\"1027\" height=\"206\" src=\"http:\/\/blogdoedvaldomagalhaes.com.br\/wp-content\/uploads\/2017\/07\/sindloja.jpg\" width=\"400\" \/><\/a><\/div>\n<div class=\"MsoNormal\" style=\"text-align: justify;\">\n<\/div>\n<div class=\"MsoNormal\" style=\"text-align: justify;\">\nO com\u00e9rcio de Caruaru j\u00e1<br \/>\ncome\u00e7a a se movimentar para as vendas do Dia dos Pais, que este ano ser\u00e1<br \/>\ncomemorado no dia 13 de agosto. De acordo pesquisa de inten\u00e7\u00e3o de compras<br \/>\nrealizada pelo Sindicato dos Lojistas do Com\u00e9rcio de Caruaru, atrav\u00e9s de sua<br \/>\nAssessoria de Economia e Estat\u00edstica, seis em cada dez pessoas pretendem<br \/>\ncomprar no m\u00ednimo um presente at\u00e9 a data.<\/div>\n<div class=\"MsoNormal\" style=\"text-align: justify;\">\n<\/div>\n<div class=\"MsoNormal\" style=\"text-align: justify;\">\nAinda segundo o<br \/>\nlevantamento, mais da metade dos consumidores entrevistados vai investir at\u00e9 R$<br \/>\n100 para comprar o presente. Na expectativa do Sindloja, as vendas ir\u00e3o<br \/>\nmovimentar mais de R$ 15 milh\u00f5es na economia do munic\u00edpio.<\/div>\n<div class=\"MsoNormal\" style=\"text-align: justify;\">\n<\/div>\n<div class=\"MsoNormal\" style=\"text-align: justify;\">\nPara 60% dos consumidores, o<br \/>\nlocal escolhido para fazer as compras ser\u00e1 o Centro de Caruaru, seguido pelos<br \/>\nshoppings, Polo Caruaru, Feira da Sulanca e Parque 18 de Maio. Os fatores<br \/>\ndeterminantes para a escolha da loja ser\u00e3o o bom atendimento (36%) e promo\u00e7\u00f5es<br \/>\n(34%). Descontos no pagamento \u00e0 vista (17%) e facilidade de acesso ao local<br \/>\n(7%) tamb\u00e9m foram citados.<\/div>\n<div class=\"MsoNormal\" style=\"text-align: justify;\">\n<\/div>\n<div class=\"MsoNormal\" style=\"text-align: justify;\">\nJ\u00e1 em rela\u00e7\u00e3o ao tipo de<br \/>\npresente, os artigos mais indicados na pesquisa foram pe\u00e7as de vestu\u00e1rio, como<br \/>\nroupa, cal\u00e7ado e acess\u00f3rios (71%), perfumes (10%), rel\u00f3gio (2%) e equipamentos<br \/>\neletr\u00f4nicos (2%). Apenas 8,5% n\u00e3o decidiram e ir\u00e3o comprar de \u00faltima hora.<\/div>\n<div class=\"MsoNormal\" style=\"text-align: justify;\">\n<\/div>\n<div class=\"MsoNormal\" style=\"text-align: justify;\">\nSobre a forma de pagamento<br \/>\ndos presentes, 60% responderem pagar \u00e0 vista, com dinheiro ou d\u00e9bito, enquanto<br \/>\n35% ir\u00e3o usar o cart\u00e3o de cr\u00e9dito, de forma direta ou parcelada. A pesquisa<br \/>\ntamb\u00e9m perguntou sobre inadimpl\u00eancia dos consumidores e 81% dos entrevistados<br \/>\ninformaram que n\u00e3o est\u00e3o com contas atrasadas h\u00e1 mais de 90 dias.<\/div>\n<div class=\"MsoNormal\" style=\"text-align: justify;\">\n<\/div>\n<p><\/p>\n<div class=\"MsoNormal\" style=\"text-align: justify;\">\nA coleta dos dados foi<br \/>\nrealizada no dia 19 de julho deste ano no centro de Caruaru, no Parque 18 de Maio<br \/>\ne Polo Caruaru. Foram ouvidas 201 pessoas acima de 18 anos de idade, sendo 78%<br \/>\ndo p\u00fablico feminino e 22% masculino. Mais de 80% dos entrevistados tinham entre<br \/>\n20 e 60 anos de idade. A metodologia utilizada na pesquisa teve como base<br \/>\nt\u00e9cnicas estat\u00edstica.<\/p>\n<div class=\"separator\" style=\"clear: both; text-align: center;\">\n<a href=\"http:\/\/blogdoedvaldomagalhaes.com.br\/wp-content\/uploads\/2017\/07\/11-Liberdade.jpg\" imageanchor=\"1\" style=\"clear: left; float: left; margin-bottom: 1em; margin-right: 1em;\"><img decoding=\"async\" border=\"0\" data-original-height=\"100\" data-original-width=\"570\" src=\"http:\/\/blogdoedvaldomagalhaes.com.br\/wp-content\/uploads\/2017\/07\/11-Liberdade.jpg\" \/><\/a><\/div>\n<p><\/div>\n","protected":false},"excerpt":{"rendered":"<p>O com\u00e9rcio de Caruaru j\u00e1 come\u00e7a a se movimentar para as vendas do Dia dos Pais, que este ano ser\u00e1&hellip;<\/p>\n","protected":false},"author":1,"featured_media":0,"comment_status":"open","ping_status":"open","sticky":false,"template":"","format":"standard","meta":{"footnotes":""},"categories":[1],"tags":[2,4776,6,2407,1518,6939],"class_list":["post-5258","post","type-post","status-publish","format-standard","hentry","category-sem-categoria","tag-blog-do-edvaldo-magalhaes","tag-feira-da-sulanca","tag-noticias","tag-parque-18-de-maio","tag-polo-caruaru","tag-sindloja-caruaru-apresenta-pesquisa-sobre-intencao-de-compras-para-o-dia-dos-pais"],"_links":{"self":[{"href":"https:\/\/blogdoedvaldomagalhaes.com.br\/index.php\/wp-json\/wp\/v2\/posts\/5258","targetHints":{"allow":["GET"]}}],"collection":[{"href":"https:\/\/blogdoedvaldomagalhaes.com.br\/index.php\/wp-json\/wp\/v2\/posts"}],"about":[{"href":"https:\/\/blogdoedvaldomagalhaes.com.br\/index.php\/wp-json\/wp\/v2\/types\/post"}],"author":[{"embeddable":true,"href":"https:\/\/blogdoedvaldomagalhaes.com.br\/index.php\/wp-json\/wp\/v2\/users\/1"}],"replies":[{"embeddable":true,"href":"https:\/\/blogdoedvaldomagalhaes.com.br\/index.php\/wp-json\/wp\/v2\/comments?post=5258"}],"version-history":[{"count":1,"href":"https:\/\/blogdoedvaldomagalhaes.com.br\/index.php\/wp-json\/wp\/v2\/posts\/5258\/revisions"}],"predecessor-version":[{"id":22462,"href":"https:\/\/blogdoedvaldomagalhaes.com.br\/index.php\/wp-json\/wp\/v2\/posts\/5258\/revisions\/22462"}],"wp:attachment":[{"href":"https:\/\/blogdoedvaldomagalhaes.com.br\/index.php\/wp-json\/wp\/v2\/media?parent=5258"}],"wp:term":[{"taxonomy":"category","embeddable":true,"href":"https:\/\/blogdoedvaldomagalhaes.com.br\/index.php\/wp-json\/wp\/v2\/categories?post=5258"},{"taxonomy":"post_tag","embeddable":true,"href":"https:\/\/blogdoedvaldomagalhaes.com.br\/index.php\/wp-json\/wp\/v2\/tags?post=5258"}],"curies":[{"name":"wp","href":"https:\/\/api.w.org\/{rel}","templated":true}]}}