{"id":52468,"date":"2020-03-02T15:41:52","date_gmt":"2020-03-02T18:41:52","guid":{"rendered":"http:\/\/blogdoedvaldomagalhaes.com.br\/?p=52468"},"modified":"2020-03-02T15:44:30","modified_gmt":"2020-03-02T18:44:30","slug":"prefeitura-de-caruaru-treina-egressos-do-sistema-prisional-para-atuarem-como-jardineiros-no-municipio","status":"publish","type":"post","link":"https:\/\/blogdoedvaldomagalhaes.com.br\/index.php\/2020\/03\/02\/prefeitura-de-caruaru-treina-egressos-do-sistema-prisional-para-atuarem-como-jardineiros-no-municipio\/","title":{"rendered":"Prefeitura de Caruaru treina egressos do sistema prisional para atuarem como jardineiros no munic\u00edpio"},"content":{"rendered":"<p style=\"text-align: justify;\"><span style=\"font-size: inherit;\">A prefeitura de Caruaru, atrav\u00e9s da Secretaria de Servi\u00e7os P\u00fablicos, vai realizar um treinamento para a equipe do patronato do munic\u00edpio, que s\u00e3o egressos do sistema prisional. Este treinamento visa oferecer uma oportunidade de qualifica\u00e7\u00e3o profissional para 100 apenados, que ir\u00e3o aprender t\u00e9cnicas de jardinagem e paisagismos.<\/span><\/p>\n<p style=\"text-align: justify;\">O projeto tem o objetivo de garantir uma oportunidade de qualifica\u00e7\u00e3o para esse p\u00fablico retornar ao conv\u00edvio social. Durante os treinamentos eles aprender\u00e3o na pr\u00e1tica t\u00e9cnicas de jardinagem e ir\u00e3o colaborar com a manuten\u00e7\u00e3o das \u00e1reas verdes, canteiros e ter\u00e3o no\u00e7\u00f5es de paisagismo.<\/p>\n<p style=\"text-align: justify;\">_\u201cO treinamento ter\u00e1 in\u00edcio na primeira quinzena de mar\u00e7o e vai garantir o resgate da cidadania aos apenados, al\u00e9m de oferecer aos participantes uma nova chance de retornar ao conv\u00edvio social com uma qualifica\u00e7\u00e3o profissional\u201d_, afirmou o secret\u00e1rio de servi\u00e7os p\u00fablicos, Ytalo Farias.<\/p>\n<p style=\"text-align: justify;\">O conv\u00eanio para a utiliza\u00e7\u00e3o da m\u00e3o de obra dos egressos foi firmado em mar\u00e7o de 2018.<br \/>_&#8221;Este conv\u00eanio tem como finalidade primordial a reinser\u00e7\u00e3o social para estas pessoas. J\u00e1 que a cadeia \u00e9 um estigma e a \u00fanica forma de vencer este estigma \u00e9 provando que estes egressos retornar\u00e3o ao \u00e2mbito do exerc\u00edcio da cidadania com bons servi\u00e7os prestados ao munic\u00edpio&#8221;_, explicou a secret\u00e1ria de Secretaria de Desenvolvimento Social e Direitos Humanos de Caruaru, Perp\u00e9tua Dantas.<\/p>\n\n\n<figure class=\"wp-block-image size-large\"><img loading=\"lazy\" decoding=\"async\" width=\"1024\" height=\"682\" src=\"http:\/\/blogdoedvaldomagalhaes.com.br\/wp-content\/uploads\/2020\/03\/IMG-20200302-WA0037-1024x682.jpg\" alt=\"\" class=\"wp-image-52469\" srcset=\"https:\/\/blogdoedvaldomagalhaes.com.br\/wp-content\/uploads\/2020\/03\/IMG-20200302-WA0037-1024x682.jpg 1024w, https:\/\/blogdoedvaldomagalhaes.com.br\/wp-content\/uploads\/2020\/03\/IMG-20200302-WA0037-300x200.jpg 300w, https:\/\/blogdoedvaldomagalhaes.com.br\/wp-content\/uploads\/2020\/03\/IMG-20200302-WA0037-768x512.jpg 768w, https:\/\/blogdoedvaldomagalhaes.com.br\/wp-content\/uploads\/2020\/03\/IMG-20200302-WA0037.jpg 1280w\" sizes=\"auto, (max-width: 1024px) 100vw, 1024px\" \/><figcaption>Fotos: Jana\u00edna Pepeu<\/figcaption><\/figure>\n","protected":false},"excerpt":{"rendered":"<p>A prefeitura de Caruaru, atrav\u00e9s da Secretaria de Servi\u00e7os P\u00fablicos, vai realizar um treinamento para a equipe do patronato do&hellip;<\/p>\n","protected":false},"author":1,"featured_media":52470,"comment_status":"open","ping_status":"open","sticky":false,"template":"","format":"standard","meta":{"footnotes":""},"categories":[14120],"tags":[2,16881,17431],"class_list":["post-52468","post","type-post","status-publish","format-standard","has-post-thumbnail","hentry","category-noticias","tag-blog-do-edvaldo-magalhaes","tag-caruaru-e-regiao","tag-prefeitura-de-caruaru-treina-egressos-do-sistema-prisional-para-atuarem-como-jardineiros-no-municipio"],"_links":{"self":[{"href":"https:\/\/blogdoedvaldomagalhaes.com.br\/index.php\/wp-json\/wp\/v2\/posts\/52468","targetHints":{"allow":["GET"]}}],"collection":[{"href":"https:\/\/blogdoedvaldomagalhaes.com.br\/index.php\/wp-json\/wp\/v2\/posts"}],"about":[{"href":"https:\/\/blogdoedvaldomagalhaes.com.br\/index.php\/wp-json\/wp\/v2\/types\/post"}],"author":[{"embeddable":true,"href":"https:\/\/blogdoedvaldomagalhaes.com.br\/index.php\/wp-json\/wp\/v2\/users\/1"}],"replies":[{"embeddable":true,"href":"https:\/\/blogdoedvaldomagalhaes.com.br\/index.php\/wp-json\/wp\/v2\/comments?post=52468"}],"version-history":[{"count":1,"href":"https:\/\/blogdoedvaldomagalhaes.com.br\/index.php\/wp-json\/wp\/v2\/posts\/52468\/revisions"}],"predecessor-version":[{"id":52471,"href":"https:\/\/blogdoedvaldomagalhaes.com.br\/index.php\/wp-json\/wp\/v2\/posts\/52468\/revisions\/52471"}],"wp:featuredmedia":[{"embeddable":true,"href":"https:\/\/blogdoedvaldomagalhaes.com.br\/index.php\/wp-json\/wp\/v2\/media\/52470"}],"wp:attachment":[{"href":"https:\/\/blogdoedvaldomagalhaes.com.br\/index.php\/wp-json\/wp\/v2\/media?parent=52468"}],"wp:term":[{"taxonomy":"category","embeddable":true,"href":"https:\/\/blogdoedvaldomagalhaes.com.br\/index.php\/wp-json\/wp\/v2\/categories?post=52468"},{"taxonomy":"post_tag","embeddable":true,"href":"https:\/\/blogdoedvaldomagalhaes.com.br\/index.php\/wp-json\/wp\/v2\/tags?post=52468"}],"curies":[{"name":"wp","href":"https:\/\/api.w.org\/{rel}","templated":true}]}}