{"id":52462,"date":"2020-03-02T15:06:40","date_gmt":"2020-03-02T18:06:40","guid":{"rendered":"http:\/\/blogdoedvaldomagalhaes.com.br\/?p=52462"},"modified":"2020-03-02T15:13:40","modified_gmt":"2020-03-02T18:13:40","slug":"ame-animal-divulga-lista-de-selecionados-para-treinamento-de-auxiliar-veterinario","status":"publish","type":"post","link":"https:\/\/blogdoedvaldomagalhaes.com.br\/index.php\/2020\/03\/02\/ame-animal-divulga-lista-de-selecionados-para-treinamento-de-auxiliar-veterinario\/","title":{"rendered":"AME Animal divulga lista de selecionados para treinamento de auxiliar veterin\u00e1rio"},"content":{"rendered":"<p style=\"text-align: justify;\"><span style=\"font-size: inherit;\">AME Animal, atrav\u00e9s da Secretaria de Servi\u00e7os P\u00fablicos de Caruaru, divulgou nesta segunda-feira (02), a lista dos selecionados para o treinamento de Auxiliar Veterin\u00e1rio. As vagas foram destinadas aos cuidadores e protetores de animais, residentes e atuantes no munic\u00edpio, na \u00e1rea urbana e rural, que se inscreveram dentro do prazo.<\/span><\/p>\n<p style=\"text-align: justify;\">\u201dTivemos mais de 300 pessoas inscritas para este treinamento, o que mostra o interesse da popula\u00e7\u00e3o para as causas animais. Neste primeiro momento fizemos a sele\u00e7\u00e3o dos 40 primeiros inscritos e a ideia \u00e9 realizar novos treinamentos gratuitos \u00e0 popula\u00e7\u00e3o\u201d, explicou Breno Tabosa, gerente da AME ANIMAL.<\/p>\n<p style=\"text-align: justify;\">Os selecionados ser\u00e3o avisados via contato celular e devem comparecer na pr\u00f3xima quarta-feira (04) na AME ANIMAL, localizada na rua R\u00e1dio Cultura s\/n, bairro Indian\u00f3polis das 8h \u00e0s 12h.<\/p>\n<p style=\"text-align: justify;\">*Confira a lista de selecionados:*<\/p>\n<p style=\"text-align: justify;\">Adriana de Farias Campos <br \/>Aelton da Silva Oliveira <br \/>Aguida Joana Araujo de Oliveira <br \/>Alcione Maria Serafim<br \/>Alysson Jose de Lima Martins <br \/>Anderson Emmanuel Rosas do Nascimento Silva <br \/>Carlos Eduardo Rodrigues Oliveira <br \/>Cristiana Maria Barbosa <br \/>Cristiane Lina de Araujo <br \/>Cristyan Wagner Santos <br \/>Daniela Cavalcante Silva 9.9438-4127<br \/>Edilma Gomes Barbosa<br \/>Edivania Cristina da Silva Oliveira <br \/>Etivania Alves Caze <br \/>Evelyn Samara Oliveira Silva <br \/>Fabiana da Conceicao Santos Silva <br \/>Gileno de Souza Marques <br \/>Ivaneska Rodrigues Oliveira Cunha <br \/>Jaelina de Almeida Miranda <br \/>Karolayne Maria de Oliveira Silva <br \/>Leticia Bezerra Torres <br \/>Leurani da Silva Oliveira <br \/>Lisivane Nascimento da Silva <br \/>Luana Bulamarki Paes Silva <br \/>Magnolia Lins da Silva <br \/>Maria das Montanhas Lima Silva <br \/>Maria do Socorro Alves do Amaral<br \/>Maria Glaucineide Alves da Silva Galvao <br \/>Mateus Iran da Silva <br \/>Niedja Karla Petrucio dos Santos <br \/>Norlandia Luciene de Albuquerque <br \/>Oriana Maria da Silva <br \/>Ronaldo Santos da Silva <br \/>Rosilania Maria da Silva <br \/>Saymon Kelvy Alves da Silva <br \/>Simone Rodrigues da Silva <br \/>Suelen Cristina da Silva <br \/>Vitoria Beatriz de Oliveira Santos <br \/>Walber Wheverton Soares Pinto <br \/>Yara Evelline da Silva<\/p>\n\n\n<figure class=\"wp-block-image size-large\"><img loading=\"lazy\" decoding=\"async\" width=\"1024\" height=\"509\" src=\"http:\/\/blogdoedvaldomagalhaes.com.br\/wp-content\/uploads\/2020\/03\/IMG-20200302-WA0034-1024x509.jpg\" alt=\"\" class=\"wp-image-52464\" srcset=\"https:\/\/blogdoedvaldomagalhaes.com.br\/wp-content\/uploads\/2020\/03\/IMG-20200302-WA0034-1024x509.jpg 1024w, https:\/\/blogdoedvaldomagalhaes.com.br\/wp-content\/uploads\/2020\/03\/IMG-20200302-WA0034-300x149.jpg 300w, https:\/\/blogdoedvaldomagalhaes.com.br\/wp-content\/uploads\/2020\/03\/IMG-20200302-WA0034-768x382.jpg 768w, https:\/\/blogdoedvaldomagalhaes.com.br\/wp-content\/uploads\/2020\/03\/IMG-20200302-WA0034.jpg 1280w\" sizes=\"auto, (max-width: 1024px) 100vw, 1024px\" \/><figcaption>Fotos: Arnaldo F\u00e9lix<\/figcaption><\/figure>\n","protected":false},"excerpt":{"rendered":"<p>AME Animal, atrav\u00e9s da Secretaria de Servi\u00e7os P\u00fablicos de Caruaru, divulgou nesta segunda-feira (02), a lista dos selecionados para o&hellip;<\/p>\n","protected":false},"author":1,"featured_media":52463,"comment_status":"open","ping_status":"open","sticky":false,"template":"","format":"standard","meta":{"footnotes":""},"categories":[14120],"tags":[17430,2,16881],"class_list":["post-52462","post","type-post","status-publish","format-standard","has-post-thumbnail","hentry","category-noticias","tag-ame-animal-divulga-lista-de-selecionados-para-treinamento-de-auxiliar-veterinario","tag-blog-do-edvaldo-magalhaes","tag-caruaru-e-regiao"],"_links":{"self":[{"href":"https:\/\/blogdoedvaldomagalhaes.com.br\/index.php\/wp-json\/wp\/v2\/posts\/52462","targetHints":{"allow":["GET"]}}],"collection":[{"href":"https:\/\/blogdoedvaldomagalhaes.com.br\/index.php\/wp-json\/wp\/v2\/posts"}],"about":[{"href":"https:\/\/blogdoedvaldomagalhaes.com.br\/index.php\/wp-json\/wp\/v2\/types\/post"}],"author":[{"embeddable":true,"href":"https:\/\/blogdoedvaldomagalhaes.com.br\/index.php\/wp-json\/wp\/v2\/users\/1"}],"replies":[{"embeddable":true,"href":"https:\/\/blogdoedvaldomagalhaes.com.br\/index.php\/wp-json\/wp\/v2\/comments?post=52462"}],"version-history":[{"count":3,"href":"https:\/\/blogdoedvaldomagalhaes.com.br\/index.php\/wp-json\/wp\/v2\/posts\/52462\/revisions"}],"predecessor-version":[{"id":52467,"href":"https:\/\/blogdoedvaldomagalhaes.com.br\/index.php\/wp-json\/wp\/v2\/posts\/52462\/revisions\/52467"}],"wp:featuredmedia":[{"embeddable":true,"href":"https:\/\/blogdoedvaldomagalhaes.com.br\/index.php\/wp-json\/wp\/v2\/media\/52463"}],"wp:attachment":[{"href":"https:\/\/blogdoedvaldomagalhaes.com.br\/index.php\/wp-json\/wp\/v2\/media?parent=52462"}],"wp:term":[{"taxonomy":"category","embeddable":true,"href":"https:\/\/blogdoedvaldomagalhaes.com.br\/index.php\/wp-json\/wp\/v2\/categories?post=52462"},{"taxonomy":"post_tag","embeddable":true,"href":"https:\/\/blogdoedvaldomagalhaes.com.br\/index.php\/wp-json\/wp\/v2\/tags?post=52462"}],"curies":[{"name":"wp","href":"https:\/\/api.w.org\/{rel}","templated":true}]}}