{"id":52456,"date":"2020-03-02T14:41:41","date_gmt":"2020-03-02T17:41:41","guid":{"rendered":"http:\/\/blogdoedvaldomagalhaes.com.br\/?p=52456"},"modified":"2020-03-02T14:49:13","modified_gmt":"2020-03-02T17:49:13","slug":"morre-no-hra-idosa-atropelada-por-onibus-em-caruaru","status":"publish","type":"post","link":"https:\/\/blogdoedvaldomagalhaes.com.br\/index.php\/2020\/03\/02\/morre-no-hra-idosa-atropelada-por-onibus-em-caruaru\/","title":{"rendered":"Morre no HRA idosa atropelada por \u00f4nibus em Caruaru"},"content":{"rendered":"<p style=\"text-align: justify;\">Morreu no final da manh\u00e3 desta segunda-feira (02), no Hospital Regional do Agreste (HRA), a senhora Suely dos Santos Torres, de 66 anos de idade, residente na rua Marqu\u00eas de Olinda 111, no bairro Nossa Senhora das Dores, em Caruaru. Ela foi atropelada por um \u00f4nibus ao tentar atravessar a rua Felipe Camar\u00e3o, no in\u00edcio da manh\u00e3 desta segunda-feira (02). A v\u00edtima bateu com a cabe\u00e7a no parabrisa do coletivo e posteriormente no ch\u00e3o. Ela foi socorrida por uma equipe do Samu, e chegou em estado grave no HRA.<\/p>\n","protected":false},"excerpt":{"rendered":"<p>Morreu no final da manh\u00e3 desta segunda-feira (02), no Hospital Regional do Agreste (HRA), a senhora Suely dos Santos Torres,&hellip;<\/p>\n","protected":false},"author":1,"featured_media":52457,"comment_status":"open","ping_status":"open","sticky":false,"template":"","format":"standard","meta":{"footnotes":""},"categories":[14120],"tags":[2,16881,17429],"class_list":["post-52456","post","type-post","status-publish","format-standard","has-post-thumbnail","hentry","category-noticias","tag-blog-do-edvaldo-magalhaes","tag-caruaru-e-regiao","tag-morre-no-hra-idosa-atropelada-por-onibus-em-caruaru"],"_links":{"self":[{"href":"https:\/\/blogdoedvaldomagalhaes.com.br\/index.php\/wp-json\/wp\/v2\/posts\/52456","targetHints":{"allow":["GET"]}}],"collection":[{"href":"https:\/\/blogdoedvaldomagalhaes.com.br\/index.php\/wp-json\/wp\/v2\/posts"}],"about":[{"href":"https:\/\/blogdoedvaldomagalhaes.com.br\/index.php\/wp-json\/wp\/v2\/types\/post"}],"author":[{"embeddable":true,"href":"https:\/\/blogdoedvaldomagalhaes.com.br\/index.php\/wp-json\/wp\/v2\/users\/1"}],"replies":[{"embeddable":true,"href":"https:\/\/blogdoedvaldomagalhaes.com.br\/index.php\/wp-json\/wp\/v2\/comments?post=52456"}],"version-history":[{"count":2,"href":"https:\/\/blogdoedvaldomagalhaes.com.br\/index.php\/wp-json\/wp\/v2\/posts\/52456\/revisions"}],"predecessor-version":[{"id":52460,"href":"https:\/\/blogdoedvaldomagalhaes.com.br\/index.php\/wp-json\/wp\/v2\/posts\/52456\/revisions\/52460"}],"wp:featuredmedia":[{"embeddable":true,"href":"https:\/\/blogdoedvaldomagalhaes.com.br\/index.php\/wp-json\/wp\/v2\/media\/52457"}],"wp:attachment":[{"href":"https:\/\/blogdoedvaldomagalhaes.com.br\/index.php\/wp-json\/wp\/v2\/media?parent=52456"}],"wp:term":[{"taxonomy":"category","embeddable":true,"href":"https:\/\/blogdoedvaldomagalhaes.com.br\/index.php\/wp-json\/wp\/v2\/categories?post=52456"},{"taxonomy":"post_tag","embeddable":true,"href":"https:\/\/blogdoedvaldomagalhaes.com.br\/index.php\/wp-json\/wp\/v2\/tags?post=52456"}],"curies":[{"name":"wp","href":"https:\/\/api.w.org\/{rel}","templated":true}]}}